{"id":11909,"date":"2017-03-05T16:00:06","date_gmt":"2017-03-05T16:00:06","guid":{"rendered":"https:\/\/armstrongyregion.com.ar\/diario\/?p=11909"},"modified":"2017-03-05T16:00:06","modified_gmt":"2017-03-05T16:00:06","slug":"de-tal-palo-tal-pique-obra-de-julio-migno-presentada-en-comunidades-de-la-provincia","status":"publish","type":"post","link":"https:\/\/armstrongyregion.com.ar\/diario\/de-tal-palo-tal-pique-obra-de-julio-migno-presentada-en-comunidades-de-la-provincia\/","title":{"rendered":"\u00abDe tal Palo tal Pique\u00bb obra de Julio Migno presentada en comunidades de la provincia."},"content":{"rendered":"<p><strong><u><a href=\"http:\/\/armstrongyregion.com.ar\/diario\/wp-content\/uploads\/2017\/03\/arnold-ibarlucea-1.jpg\"><img loading=\"lazy\" decoding=\"async\" class=\"alignnone size-medium wp-image-11910\" src=\"http:\/\/armstrongyregion.com.ar\/diario\/wp-content\/uploads\/2017\/03\/arnold-ibarlucea-1-300x225.jpg\" alt=\"arnold ibarlucea (1)\" width=\"300\" height=\"225\" srcset=\"https:\/\/armstrongyregion.com.ar\/diario\/wp-content\/uploads\/2017\/03\/arnold-ibarlucea-1-300x225.jpg 300w, https:\/\/armstrongyregion.com.ar\/diario\/wp-content\/uploads\/2017\/03\/arnold-ibarlucea-1.jpg 768w\" sizes=\"auto, (max-width: 300px) 100vw, 300px\" \/><\/a>Este viernes 3 de marzo en Coronel Arnold y en Ibarlucea, se inici\u00f3 el camino que recorrer\u00e1 el libro \u201cDe Palo a Pique\u201d, obra del destacado poeta sanjavierino Julio Migno que fuera reeditada el a\u00f1o pasado, y har\u00e1 ahora una gira de presentaci\u00f3n por distintas localidades de la provincia de Santa Fe, organizada por el Ente Cultural Santafesino y de la mano de la diputada provincial Claudia Giaccone y de Olga Migno, hija del ilustre escritor<\/u><\/strong><strong>.<\/strong><\/p>\n<p><em>\u201cQue hoy podamos difundir este libro es una muestra de la importancia de la pol\u00edtica, cuando se decide a acompa\u00f1ar hechos culturales trascendentes para nuestras comunidades\u201d, <\/em>expres\u00f3 Giaccone.<em> \u201cGracias a caminar permanentemente la provincia pude encontrarme hace ya tiempo con Alejandro Vivas, tambi\u00e9n de San Javier, qui\u00e9n me cont\u00f3 su inquietud de instalar una distinci\u00f3n santafesina entregada anualmente a todas\u00a0aquellas personas que se destaquen en el \u00e1mbito cultural y socia. \u00c9l me propuso llevara el nombre de Premio Julio Migno y fuera corporizado por una estatuilla del misionero Florian Pauke. Algo que se concret\u00f3 en 2015\u201d.<\/em><\/p>\n<p>Sigui\u00f3 diciendo que \u201c<em>la tarea de difusi\u00f3n del Premio hizo que nos encontr\u00e1ramos en Helvecia con Olga Migno, entabl\u00e1ramos una relaci\u00f3n que continu\u00f3 en charlas sobre su padre y finalmente en la idea de reeditar \u201cDe Palo a Pique\u201d, como finalmente hicimos. Este libro es una herramienta fundamental para las escuelas, posibilitando su conocimiento por las nuevas generaciones.\u201d<\/em><\/p>\n<p><strong>CORONEL ARNOLD.<\/strong> El libro fue presentado en un espacio especial dentro del \u201c11\u00b0 Encuentro de Periodistas Difusores de Folclore\u201d. En la ocasi\u00f3n Olga Migno cont\u00f3 aspectos de la vida de su padre, los momentos de inspiraci\u00f3n, su relaci\u00f3n con el paisaje, un modo de vida y una forma de pensar, destacando su trayectoria. Resalt\u00f3 adem\u00e1s la obra evangelizadora del misionero jesuita Florian Pauke, en busca de la integraci\u00f3n con los abor\u00edgenes mocov\u00edes del lugar en una uni\u00f3n de culturas.<\/p>\n<p>Finaliz\u00f3 recitando el poema \u201cSan Francisco Javier\u201d y otros m\u00e1s, ante el aplauso entusiasta un p\u00fablico conocedor, sabedor de las cosas de nuestro acervo.<\/p>\n<p><strong>IBARLUCEA.<\/strong> El evento fue organizado por \u201cBiblioteca Popular y Centro Cultural Julio Migno\u201d, en el Sal\u00f3n Comunal Uni\u00f3n y Progreso, y con auspicio de la Comuna. Asistieron el Presidente Comunal Jorge Masson, su par de Lucio V. L\u00f3pez, Pablo Sullivan, otras autoridades, la Directora de la Usina Cultural I(sur) Marcela Geminale, y muchos vecinos, siendo la sorpresa del encuentro la presencia de Orlando Veracruz, a qui\u00e9n la diputada Giaccone reconoci\u00f3 en sus palabras como un militante de la cultura, persistente difusor de la obra de Julio Migno.<\/p>\n<p>En el lugar se realiz\u00f3 una exposici\u00f3n de afiches compuesta por tapas de libros del poeta, hubo una apertura con danzas nativas a cargo de Sembrando Ra\u00edces, y actuaci\u00f3n del grupo T\u00edteres y Cuentos con Timb\u00f3.<\/p>\n<p><em>\u201cHay mucho m\u00e1s por delante\u201d,<\/em> destac\u00f3 el Presidente de la Comuna al resaltar la obra conjunta que vienen haciendo con la biblioteca, que es presidida por Juan Jos\u00e9 Prino, qui\u00e9n fuera tambi\u00e9n jefe comunal.<em> \u201c<\/em><em>El trabajo que llevaremos adelante, sumados al Ente Cultural Santafesino, permitir\u00e1 la consolidaci\u00f3n y proyecci\u00f3n de nuestros valores art\u00edsticos e instituciones culturales\u201d.<\/em><\/p>\n<p>Veracruz resalto las caracter\u00edsticas de Julio Migno, la raz\u00f3n de sus letras y felicito a la diputada Giaccone por este trabajo acompa\u00f1ando a Olga Migno. Esta \u00faltima record\u00f3 que \u201c<em>la Universidad del Litoral hab\u00eda comprometido reimpresiones de la obra que nunca llegaron\u201d<\/em>, por eso agradeci\u00f3 a la legisladora, ya que <em>\u201cdesde el momento de conocernos pasaron apenas dos meses para que \u201cDe Palo a Pique\u201d pudiera nuevamente llegar a todos\u201d.<\/em><\/p>\n<p>La reuni\u00f3n cerr\u00f3 con Orlando Veracruz recitando \u201cSan Francisco Javier\u201d junto a Olga, y cantando luego temas del poeta, como \u201cCostera mi costerita\u201d, \u201cPunta Cayast\u00e1\u201d y otras, con participaci\u00f3n del p\u00fablico presente. La noche se llen\u00f3 as\u00ed de emociones y alegr\u00eda.<\/p>\n","protected":false},"excerpt":{"rendered":"<p>Este viernes 3 de marzo en Coronel Arnold y en Ibarlucea, se inici\u00f3 el camino que recorrer\u00e1 el libro \u201cDe Palo a Pique\u201d, obra del destacado poeta sanjavierino Julio Migno que fuera reeditada el a\u00f1o pasado, y har\u00e1 ahora una gira de presentaci\u00f3n por distintas localidades de la provincia de Santa Fe, organizada por el <a href=\"https:\/\/armstrongyregion.com.ar\/diario\/de-tal-palo-tal-pique-obra-de-julio-migno-presentada-en-comunidades-de-la-provincia\/\" title=\"Read more\" >&#8230;<\/a><\/p>\n","protected":false},"author":1,"featured_media":11910,"comment_status":"open","ping_status":"open","sticky":false,"template":"","format":"standard","meta":{"_jetpack_memberships_contains_paid_content":false,"footnotes":"","jetpack_publicize_message":"","jetpack_publicize_feature_enabled":true,"jetpack_social_post_already_shared":false,"jetpack_social_options":{"image_generator_settings":{"template":"highway","default_image_id":0,"enabled":false},"version":2}},"categories":[6,1,7,3],"tags":[5101],"class_list":["post-11909","post","type-post","status-publish","format-standard","has-post-thumbnail","hentry","category-cultura-entretenimiento","category-diario-armstrong","category-politica","category-region","tag-de-tal-palo-tal-pique-obra-de-julio-migno-presentada-en-comunidades-de-la-provincia"],"jetpack_publicize_connections":[],"jetpack_featured_media_url":"https:\/\/armstrongyregion.com.ar\/diario\/wp-content\/uploads\/2017\/03\/arnold-ibarlucea-1.jpg","jetpack_shortlink":"https:\/\/wp.me\/p62QDO-365","jetpack_sharing_enabled":true,"amp_enabled":true,"_links":{"self":[{"href":"https:\/\/armstrongyregion.com.ar\/diario\/wp-json\/wp\/v2\/posts\/11909","targetHints":{"allow":["GET"]}}],"collection":[{"href":"https:\/\/armstrongyregion.com.ar\/diario\/wp-json\/wp\/v2\/posts"}],"about":[{"href":"https:\/\/armstrongyregion.com.ar\/diario\/wp-json\/wp\/v2\/types\/post"}],"author":[{"embeddable":true,"href":"https:\/\/armstrongyregion.com.ar\/diario\/wp-json\/wp\/v2\/users\/1"}],"replies":[{"embeddable":true,"href":"https:\/\/armstrongyregion.com.ar\/diario\/wp-json\/wp\/v2\/comments?post=11909"}],"version-history":[{"count":0,"href":"https:\/\/armstrongyregion.com.ar\/diario\/wp-json\/wp\/v2\/posts\/11909\/revisions"}],"wp:featuredmedia":[{"embeddable":true,"href":"https:\/\/armstrongyregion.com.ar\/diario\/wp-json\/wp\/v2\/media\/11910"}],"wp:attachment":[{"href":"https:\/\/armstrongyregion.com.ar\/diario\/wp-json\/wp\/v2\/media?parent=11909"}],"wp:term":[{"taxonomy":"category","embeddable":true,"href":"https:\/\/armstrongyregion.com.ar\/diario\/wp-json\/wp\/v2\/categories?post=11909"},{"taxonomy":"post_tag","embeddable":true,"href":"https:\/\/armstrongyregion.com.ar\/diario\/wp-json\/wp\/v2\/tags?post=11909"}],"curies":[{"name":"wp","href":"https:\/\/api.w.org\/{rel}","templated":true}]}}