{"id":11900,"date":"2017-03-03T12:42:30","date_gmt":"2017-03-03T12:42:30","guid":{"rendered":"https:\/\/armstrongyregion.com.ar\/diario\/?p=11900"},"modified":"2017-03-03T12:42:30","modified_gmt":"2017-03-03T12:42:30","slug":"nueva-apertura-de-los-buzones-de-la-vida-13-denuncias","status":"publish","type":"post","link":"https:\/\/armstrongyregion.com.ar\/diario\/nueva-apertura-de-los-buzones-de-la-vida-13-denuncias\/","title":{"rendered":"Nueva apertura de los Buzones de la Vida. 13 denuncias."},"content":{"rendered":"<div class=\"jsn-article-content\">\n<p><a href=\"http:\/\/armstrongyregion.com.ar\/diario\/wp-content\/uploads\/2017\/03\/Apertura-Buzones-2-03-17.jpg\"><img loading=\"lazy\" decoding=\"async\" class=\"alignnone size-medium wp-image-11901\" src=\"http:\/\/armstrongyregion.com.ar\/diario\/wp-content\/uploads\/2017\/03\/Apertura-Buzones-2-03-17-300x225.jpg\" alt=\"Apertura Buzones 2-03-17\" width=\"300\" height=\"225\" srcset=\"https:\/\/armstrongyregion.com.ar\/diario\/wp-content\/uploads\/2017\/03\/Apertura-Buzones-2-03-17-300x225.jpg 300w, https:\/\/armstrongyregion.com.ar\/diario\/wp-content\/uploads\/2017\/03\/Apertura-Buzones-2-03-17-1024x768.jpg 1024w, https:\/\/armstrongyregion.com.ar\/diario\/wp-content\/uploads\/2017\/03\/Apertura-Buzones-2-03-17.jpg 1280w\" sizes=\"auto, (max-width: 300px) 100vw, 300px\" \/><\/a>Durante la ma\u00f1ana del mi\u00e9rcoles 1 de marzo se procedi\u00f3 a la apertura de los Buzones de la Vida tanto del itinerante, ubicado temporariamente en Club Estudiantes, como el que se encuentra instalado en dependencias municipales.<\/p>\n<p>El Dr. Pablo Verdecchia acompa\u00f1ado por autoridades de la instituci\u00f3n deportiva como por la Concejal Daniela P\u00e9rez, respectivamente, tuvo a su cargo ambas aperturas donde se registraron un total de 13 denuncias an\u00f3nimas.<\/p>\n<p>\u201cSi nos comprometemos todos, entre todos podemos hacer las denuncias y de alguna forma presionar a los Juzgados Federales para que investiguen y lleguen a buenos resultados. Estamos agradecidos a la ciudadan\u00eda de Armstrong que se est\u00e1 comprometiendo d\u00eda tras d\u00eda para luchar contra este flagelo importante que tiene el mundo de hoy\u201d, dijo el Intendente Verdecchia.<\/p>\n<p>La pr\u00f3xima apertura est\u00e1 prevista para el mi\u00e9rcoles 5 de abril en los mismos lugares.<\/p>\n<p>&nbsp;<\/p>\n<\/div>\n<p><span class=\"article_separator\">\u00a0<\/span><\/p>\n","protected":false},"excerpt":{"rendered":"<p>Durante la ma\u00f1ana del mi\u00e9rcoles 1 de marzo se procedi\u00f3 a la apertura de los Buzones de la Vida tanto del itinerante, ubicado temporariamente en Club Estudiantes, como el que se encuentra instalado en dependencias municipales. El Dr. Pablo Verdecchia acompa\u00f1ado por autoridades de la instituci\u00f3n deportiva como por la Concejal Daniela P\u00e9rez, respectivamente, tuvo <a href=\"https:\/\/armstrongyregion.com.ar\/diario\/nueva-apertura-de-los-buzones-de-la-vida-13-denuncias\/\" title=\"Read more\" >&#8230;<\/a><\/p>\n","protected":false},"author":1,"featured_media":11901,"comment_status":"open","ping_status":"open","sticky":false,"template":"","format":"standard","meta":{"_jetpack_memberships_contains_paid_content":false,"footnotes":"","jetpack_publicize_message":"","jetpack_publicize_feature_enabled":true,"jetpack_social_post_already_shared":false,"jetpack_social_options":{"image_generator_settings":{"template":"highway","default_image_id":0,"enabled":false},"version":2}},"categories":[1,2,7],"tags":[5096],"class_list":["post-11900","post","type-post","status-publish","format-standard","has-post-thumbnail","hentry","category-diario-armstrong","category-locales","category-politica","tag-nueva-apertura-de-los-buzones-de-la-vida-13-denuncias"],"jetpack_publicize_connections":[],"jetpack_featured_media_url":"https:\/\/armstrongyregion.com.ar\/diario\/wp-content\/uploads\/2017\/03\/Apertura-Buzones-2-03-17.jpg","jetpack_shortlink":"https:\/\/wp.me\/p62QDO-35W","jetpack_sharing_enabled":true,"amp_enabled":true,"_links":{"self":[{"href":"https:\/\/armstrongyregion.com.ar\/diario\/wp-json\/wp\/v2\/posts\/11900","targetHints":{"allow":["GET"]}}],"collection":[{"href":"https:\/\/armstrongyregion.com.ar\/diario\/wp-json\/wp\/v2\/posts"}],"about":[{"href":"https:\/\/armstrongyregion.com.ar\/diario\/wp-json\/wp\/v2\/types\/post"}],"author":[{"embeddable":true,"href":"https:\/\/armstrongyregion.com.ar\/diario\/wp-json\/wp\/v2\/users\/1"}],"replies":[{"embeddable":true,"href":"https:\/\/armstrongyregion.com.ar\/diario\/wp-json\/wp\/v2\/comments?post=11900"}],"version-history":[{"count":0,"href":"https:\/\/armstrongyregion.com.ar\/diario\/wp-json\/wp\/v2\/posts\/11900\/revisions"}],"wp:featuredmedia":[{"embeddable":true,"href":"https:\/\/armstrongyregion.com.ar\/diario\/wp-json\/wp\/v2\/media\/11901"}],"wp:attachment":[{"href":"https:\/\/armstrongyregion.com.ar\/diario\/wp-json\/wp\/v2\/media?parent=11900"}],"wp:term":[{"taxonomy":"category","embeddable":true,"href":"https:\/\/armstrongyregion.com.ar\/diario\/wp-json\/wp\/v2\/categories?post=11900"},{"taxonomy":"post_tag","embeddable":true,"href":"https:\/\/armstrongyregion.com.ar\/diario\/wp-json\/wp\/v2\/tags?post=11900"}],"curies":[{"name":"wp","href":"https:\/\/api.w.org\/{rel}","templated":true}]}}