{"id":11889,"date":"2017-03-03T00:00:27","date_gmt":"2017-03-03T00:00:27","guid":{"rendered":"https:\/\/armstrongyregion.com.ar\/diario\/?p=11889"},"modified":"2017-03-03T00:00:27","modified_gmt":"2017-03-03T00:00:27","slug":"la-intendenta-clerici-abrio-las-sesiones-ordinarias-del-concejo-municipal-2","status":"publish","type":"post","link":"https:\/\/armstrongyregion.com.ar\/diario\/la-intendenta-clerici-abrio-las-sesiones-ordinarias-del-concejo-municipal-2\/","title":{"rendered":"La intendenta Cl\u00e9rici abri\u00f3 las sesiones ordinarias del concejo municipal."},"content":{"rendered":"<p><a href=\"http:\/\/armstrongyregion.com.ar\/diario\/wp-content\/uploads\/2017\/03\/Clerici-123-.jpg\"><img loading=\"lazy\" decoding=\"async\" class=\"alignnone size-medium wp-image-11890\" src=\"http:\/\/armstrongyregion.com.ar\/diario\/wp-content\/uploads\/2017\/03\/Clerici-123--300x200.jpg\" alt=\"Clerici-123-\" width=\"300\" height=\"200\" srcset=\"https:\/\/armstrongyregion.com.ar\/diario\/wp-content\/uploads\/2017\/03\/Clerici-123--300x200.jpg 300w, https:\/\/armstrongyregion.com.ar\/diario\/wp-content\/uploads\/2017\/03\/Clerici-123--1024x683.jpg 1024w, https:\/\/armstrongyregion.com.ar\/diario\/wp-content\/uploads\/2017\/03\/Clerici-123-.jpg 1152w\" sizes=\"auto, (max-width: 300px) 100vw, 300px\" \/><\/a>Hizo hincapi\u00e9 en los ejes de trabajo para este a\u00f1o junto al Concejo y solicit\u00f3 \u201cal senador que destine parte de los millones de pesos que maneja en subsidios, para obras en la ciudad como lo establece la ley\u201d.<\/p>\n<p>El Concejo Municipal dio inicio a sus sesiones ordinarias y como lo establece la ley org\u00e1nica de municipalidades, la titular del Departamento Ejecutivo Municipal\u00a0 brind\u00f3 un informe de gesti\u00f3n y traz\u00f3 los ejes de sus principales pol\u00edticas de gobiernos en vistas a los pr\u00f3ximos meses del presente a\u00f1o.<\/p>\n<p>El sostenimiento de la obra p\u00fablica con el esfuerzo conjunto municipio-vecinos y la gesti\u00f3n constante ante todos los estamentos de gobierno, la solidez, solvencia fiscal y continuidad del equilibrio en las finanzas municipales, la extensi\u00f3n de servicios p\u00fablicos y la consolidaci\u00f3n de las pol\u00edticas p\u00fablicas en materia de educaci\u00f3n y producci\u00f3n cultural; fueron los principales ejes por los que\u00a0 transit\u00f3 el discurso de Stella Cl\u00e9rici, quien adem\u00e1s pidi\u00f3 el acompa\u00f1amiento del Concejo para llevar adelante \u00abcon di\u00e1logo y consenso cada acci\u00f3n de gobierno, en beneficio de los ciudadanos\u00bb.<\/p>\n<p>Por otro lado solicit\u00f3 al senador departamental, que \u201cdestine parte de los millones de pesos que maneja en subsidios para obras prioritarias en la ciudad, como lo establece la ley\u201d.<\/p>\n<div class=\"yj6qo ajU\">\n<div id=\":q4\" class=\"ajR\" tabindex=\"0\" data-tooltip=\"Mostrar contenido reducido\"><img decoding=\"async\" class=\"ajT\" src=\"https:\/\/ssl.gstatic.com\/ui\/v1\/icons\/mail\/images\/cleardot.gif\" alt=\"\" \/><\/div>\n<\/div>\n","protected":false},"excerpt":{"rendered":"<p>Hizo hincapi\u00e9 en los ejes de trabajo para este a\u00f1o junto al Concejo y solicit\u00f3 \u201cal senador que destine parte de los millones de pesos que maneja en subsidios, para obras en la ciudad como lo establece la ley\u201d. El Concejo Municipal dio inicio a sus sesiones ordinarias y como lo establece la ley org\u00e1nica <a href=\"https:\/\/armstrongyregion.com.ar\/diario\/la-intendenta-clerici-abrio-las-sesiones-ordinarias-del-concejo-municipal-2\/\" title=\"Read more\" >&#8230;<\/a><\/p>\n","protected":false},"author":1,"featured_media":11890,"comment_status":"open","ping_status":"open","sticky":false,"template":"","format":"standard","meta":{"_jetpack_memberships_contains_paid_content":false,"footnotes":"","jetpack_publicize_message":"","jetpack_publicize_feature_enabled":true,"jetpack_social_post_already_shared":false,"jetpack_social_options":{"image_generator_settings":{"template":"highway","default_image_id":0,"enabled":false},"version":2}},"categories":[1,2,7,3],"tags":[5092],"class_list":["post-11889","post","type-post","status-publish","format-standard","has-post-thumbnail","hentry","category-diario-armstrong","category-locales","category-politica","category-region","tag-la-intendenta-clerici-abrio-las-sesiones-ordinarias-del-concejo-municipal"],"jetpack_publicize_connections":[],"jetpack_featured_media_url":"https:\/\/armstrongyregion.com.ar\/diario\/wp-content\/uploads\/2017\/03\/Clerici-123-.jpg","jetpack_shortlink":"https:\/\/wp.me\/p62QDO-35L","jetpack_sharing_enabled":true,"amp_enabled":true,"_links":{"self":[{"href":"https:\/\/armstrongyregion.com.ar\/diario\/wp-json\/wp\/v2\/posts\/11889","targetHints":{"allow":["GET"]}}],"collection":[{"href":"https:\/\/armstrongyregion.com.ar\/diario\/wp-json\/wp\/v2\/posts"}],"about":[{"href":"https:\/\/armstrongyregion.com.ar\/diario\/wp-json\/wp\/v2\/types\/post"}],"author":[{"embeddable":true,"href":"https:\/\/armstrongyregion.com.ar\/diario\/wp-json\/wp\/v2\/users\/1"}],"replies":[{"embeddable":true,"href":"https:\/\/armstrongyregion.com.ar\/diario\/wp-json\/wp\/v2\/comments?post=11889"}],"version-history":[{"count":0,"href":"https:\/\/armstrongyregion.com.ar\/diario\/wp-json\/wp\/v2\/posts\/11889\/revisions"}],"wp:featuredmedia":[{"embeddable":true,"href":"https:\/\/armstrongyregion.com.ar\/diario\/wp-json\/wp\/v2\/media\/11890"}],"wp:attachment":[{"href":"https:\/\/armstrongyregion.com.ar\/diario\/wp-json\/wp\/v2\/media?parent=11889"}],"wp:term":[{"taxonomy":"category","embeddable":true,"href":"https:\/\/armstrongyregion.com.ar\/diario\/wp-json\/wp\/v2\/categories?post=11889"},{"taxonomy":"post_tag","embeddable":true,"href":"https:\/\/armstrongyregion.com.ar\/diario\/wp-json\/wp\/v2\/tags?post=11889"}],"curies":[{"name":"wp","href":"https:\/\/api.w.org\/{rel}","templated":true}]}}