{"id":11881,"date":"2017-03-02T12:33:01","date_gmt":"2017-03-02T12:33:01","guid":{"rendered":"https:\/\/armstrongyregion.com.ar\/diario\/?p=11881"},"modified":"2017-03-02T12:33:01","modified_gmt":"2017-03-02T12:33:01","slug":"casilda-acompanamos-la-marcha-de-estudiantes-y-a-la-comunidad-debido-al-siniestro-vial","status":"publish","type":"post","link":"https:\/\/armstrongyregion.com.ar\/diario\/casilda-acompanamos-la-marcha-de-estudiantes-y-a-la-comunidad-debido-al-siniestro-vial\/","title":{"rendered":"Casilda: Acompa\u00f1amos la marcha de estudiantes y a la comunidad debido al siniestro vial&#8230;"},"content":{"rendered":"<p><a href=\"http:\/\/armstrongyregion.com.ar\/diario\/wp-content\/uploads\/2017\/03\/giaccone-monticas-.jpg\"><img loading=\"lazy\" decoding=\"async\" class=\"alignnone size-medium wp-image-11882\" src=\"http:\/\/armstrongyregion.com.ar\/diario\/wp-content\/uploads\/2017\/03\/giaccone-monticas--300x193.jpg\" alt=\"giaccone-monticas-\" width=\"300\" height=\"193\" srcset=\"https:\/\/armstrongyregion.com.ar\/diario\/wp-content\/uploads\/2017\/03\/giaccone-monticas--300x193.jpg 300w, https:\/\/armstrongyregion.com.ar\/diario\/wp-content\/uploads\/2017\/03\/giaccone-monticas-.jpg 768w\" sizes=\"auto, (max-width: 300px) 100vw, 300px\" \/><\/a>La diputada provincial Claudia Giaccone asisti\u00f3 a la marcha convocada para insistir en los reclamos sobre la deficiente prestaci\u00f3n de los servicios de transporte de pasajeros, que desembocaron en la tragedia que cost\u00f3 la vida a 12 personas y dej\u00f3 numerosos heridos. Estaban presentes adem\u00e1s el intendente Juan Jos\u00e9 Sarasola, concejales, autoridades de la Universidad Nacional de Rosario, de la Facultad de Veterinaria y de la Escuela Agrot\u00e9cnica \u201cLibertador Gral. San Mart\u00edn\u201d.<\/p>\n<p>Los asistentes se expresaron libremente recordando las permanentes quejas sobre el estado de los colectivos, el incumplimiento de normas de seguridad, las fallas mec\u00e1nicas y hasta el incendio de unidades, as\u00ed como manifestaron su disconformidad con las nulas respuestas recibidas a lo largo de mucho tiempo.<\/p>\n<p><strong><em>\u201c<u>En agosto de 2016 el diputado Julio Eggimann, quien es presidente de la Comisi\u00f3n de Transporte de la C\u00e1mara, y con el que integramos el bloque \u201cJuntos por Santa Fe\u201d, present\u00f3 el un PROYECTO DE LEY DE TRANSPORTE DE PASAJEROS para nuestra provincia\u201d, <\/u><\/em><\/strong>dice Giaccone.<strong><em><u> \u201cEl mismo busca reemplazar la actual ley que es de 1935, y si bien tiene estado parlamentario a\u00fan no pudo lograr dictamen en las Comisiones y llegar finalmente tener tratamiento en la Sesiones. Aspiramos que durante 2017 podamos dar el debate y votar su aprobaci\u00f3n<\/u>\u201d.<\/em><\/strong><\/p>\n<p>Agrega que <strong><em>\u201c<u>realizaron tambi\u00e9n reiterados pedidos de informes que aun siendo todos aprobados por la C\u00e1mara de Diputados, jam\u00e1s fueron respondidos<\/u>\u201d. <\/em><\/strong><\/p>\n<p><strong><em>\u201c<u>ESTE JUEVES 2 DE MARZO INGRESAREMOS NUEVAMENTE OTRO PEDIDO DE INFORMES, <\/u>ya que ahora vemos que apenas 24 horas luego de ocurrida una tragedia varias veces preanunciada, se han resuelto con celeridad acciones como caducidad de concesiones, servicios de contingencias y otras medidas que no se tomaron en m\u00e1s de una d\u00e9cada\u201d,<\/em><\/strong> expresa la legisladora.<em> <strong>\u201c<u>POR ESO TAMBI\u00c9N RECLAMAMOS LA PRESENCIA EN EL RECINTO DEL SECRETARIO DE TRANSPORTE DE SANTA FE, PABLO JUKIC<\/u>, para que nos explique con claridad cu\u00e1les fueron las medidas tomadas en el pasado, cuales los impedimentos encontrados, as\u00ed como los programas o sistemas de transporte que se hubieran programado y que grado de cumplimiento tuvieron en su ejecuci\u00f3n, entre otros asuntos.\u201d<\/strong><\/em><\/p>\n<p>Finalmente la diputada Giaccone expres\u00f3 que <strong>\u201c<em>queremos trasladarle al Secretario la preocupaci\u00f3n predominante en la asamblea reunida en la Terminal de \u00d3mnibus de Casilda: \u00bf<u>C\u00d3MO Y DE QU\u00c9 MANERA SE VA A HACER BIEN LO QUE HASTA AHORA SE HA HECHO MAL<\/u>? Es decir c\u00f3mo se adjudicar\u00e1n los corredores, que requisitos se pedir\u00e1n a las empresas de transporte, como ser\u00e1n los controles y de qu\u00e9 forma se garantizar\u00e1 su realizaci\u00f3n, cu\u00e1les ser\u00e1n los castigos por incumplimientos, y otras muchos preguntas cuyas respuestas est\u00e1n pendientes\u201d.<\/em><\/strong><\/p>\n<p><strong>\u00a0<\/strong><\/p>\n","protected":false},"excerpt":{"rendered":"<p>La diputada provincial Claudia Giaccone asisti\u00f3 a la marcha convocada para insistir en los reclamos sobre la deficiente prestaci\u00f3n de los servicios de transporte de pasajeros, que desembocaron en la tragedia que cost\u00f3 la vida a 12 personas y dej\u00f3 numerosos heridos. Estaban presentes adem\u00e1s el intendente Juan Jos\u00e9 Sarasola, concejales, autoridades de la Universidad <a href=\"https:\/\/armstrongyregion.com.ar\/diario\/casilda-acompanamos-la-marcha-de-estudiantes-y-a-la-comunidad-debido-al-siniestro-vial\/\" title=\"Read more\" >&#8230;<\/a><\/p>\n","protected":false},"author":1,"featured_media":11882,"comment_status":"open","ping_status":"open","sticky":false,"template":"","format":"standard","meta":{"_jetpack_memberships_contains_paid_content":false,"footnotes":"","jetpack_publicize_message":"","jetpack_publicize_feature_enabled":true,"jetpack_social_post_already_shared":false,"jetpack_social_options":{"image_generator_settings":{"template":"highway","default_image_id":0,"enabled":false},"version":2}},"categories":[8,1,2,7,3],"tags":[5090],"class_list":["post-11881","post","type-post","status-publish","format-standard","has-post-thumbnail","hentry","category-deliberando","category-diario-armstrong","category-locales","category-politica","category-region","tag-casilda-acompanamos-la-marcha-de-estudiantes-y-a-la-comunidad-debido-al-siniestro-vial"],"jetpack_publicize_connections":[],"jetpack_featured_media_url":"https:\/\/armstrongyregion.com.ar\/diario\/wp-content\/uploads\/2017\/03\/giaccone-monticas-.jpg","jetpack_shortlink":"https:\/\/wp.me\/p62QDO-35D","jetpack_sharing_enabled":true,"amp_enabled":true,"_links":{"self":[{"href":"https:\/\/armstrongyregion.com.ar\/diario\/wp-json\/wp\/v2\/posts\/11881","targetHints":{"allow":["GET"]}}],"collection":[{"href":"https:\/\/armstrongyregion.com.ar\/diario\/wp-json\/wp\/v2\/posts"}],"about":[{"href":"https:\/\/armstrongyregion.com.ar\/diario\/wp-json\/wp\/v2\/types\/post"}],"author":[{"embeddable":true,"href":"https:\/\/armstrongyregion.com.ar\/diario\/wp-json\/wp\/v2\/users\/1"}],"replies":[{"embeddable":true,"href":"https:\/\/armstrongyregion.com.ar\/diario\/wp-json\/wp\/v2\/comments?post=11881"}],"version-history":[{"count":0,"href":"https:\/\/armstrongyregion.com.ar\/diario\/wp-json\/wp\/v2\/posts\/11881\/revisions"}],"wp:featuredmedia":[{"embeddable":true,"href":"https:\/\/armstrongyregion.com.ar\/diario\/wp-json\/wp\/v2\/media\/11882"}],"wp:attachment":[{"href":"https:\/\/armstrongyregion.com.ar\/diario\/wp-json\/wp\/v2\/media?parent=11881"}],"wp:term":[{"taxonomy":"category","embeddable":true,"href":"https:\/\/armstrongyregion.com.ar\/diario\/wp-json\/wp\/v2\/categories?post=11881"},{"taxonomy":"post_tag","embeddable":true,"href":"https:\/\/armstrongyregion.com.ar\/diario\/wp-json\/wp\/v2\/tags?post=11881"}],"curies":[{"name":"wp","href":"https:\/\/api.w.org\/{rel}","templated":true}]}}