{"id":11818,"date":"2017-02-24T16:16:37","date_gmt":"2017-02-24T16:16:37","guid":{"rendered":"https:\/\/armstrongyregion.com.ar\/diario\/?p=11818"},"modified":"2017-02-24T16:16:37","modified_gmt":"2017-02-24T16:16:37","slug":"gravisimo-choque-entre-dos-micros-en-perez-hay-al-menos-10-muertos","status":"publish","type":"post","link":"https:\/\/armstrongyregion.com.ar\/diario\/gravisimo-choque-entre-dos-micros-en-perez-hay-al-menos-10-muertos\/","title":{"rendered":"Grav\u00edsimo choque entre dos micros en P\u00e9rez: hay al menos 10 muertos."},"content":{"rendered":"<p><a href=\"http:\/\/armstrongyregion.com.ar\/diario\/wp-content\/uploads\/2017\/02\/alan11.jpg_1305449671.jpg\"><img loading=\"lazy\" decoding=\"async\" class=\"alignnone size-medium wp-image-11819\" src=\"http:\/\/armstrongyregion.com.ar\/diario\/wp-content\/uploads\/2017\/02\/alan11.jpg_1305449671-300x169.jpg\" alt=\"alan11.jpg_1305449671\" width=\"300\" height=\"169\" srcset=\"https:\/\/armstrongyregion.com.ar\/diario\/wp-content\/uploads\/2017\/02\/alan11.jpg_1305449671-300x169.jpg 300w, https:\/\/armstrongyregion.com.ar\/diario\/wp-content\/uploads\/2017\/02\/alan11.jpg_1305449671.jpg 847w\" sizes=\"auto, (max-width: 300px) 100vw, 300px\" \/><\/a>El accidente vial se registr\u00f3 en el kil\u00f3metro 779 de la ruta 33. Tambi\u00e9n hay unas 20 personas heridas, algunas de gravedad. Una de las versiones que hab\u00eda en el lugar es el revent\u00f3n de un neum\u00e1tico de uno de los micros. El tr\u00e1nsito est\u00e1 totalmente cortado.<\/p>\n<p>Un grave accidente vial se registr\u00f3 en la ma\u00f1ana de este viernes en la ruta 33 a la altura de P\u00e9rez. Seg\u00fan informaci\u00f3n oficial, hay 10\u00a0v\u00edctimas fatales y\u00a0unas 20 personas heridas, algunas de gravedad. El tr\u00e1nsito estaba totalmente cortado. Uno de los presentes en el lugar detall\u00f3 que \u00abuno de los colectivos quiso sobrepasar a otro veh\u00edculo y chocaron de frente\u00bb, pero en el lugar exist\u00eda tambi\u00e9n la versi\u00f3n de que se habr\u00eda producido un revent\u00f3n de un neum\u00e1tico en uno de los micros involucrados.<\/p>\n<p>Los micros que colisionaron pertenecen a la empresa Monticas, aunque uno de \u00e9stos est\u00e1 identificado bajo el nombre de Metropolitana y hace diariamente el recorrido desde la Facultad de Agronom\u00eda de Zavalla hacia el centro de Rosario, y viceversa. El otro colectivo se dirig\u00eda a la localidad de Cha\u00f1ar Ladeado.<\/p>\n<p>El siniestro vial tuvo lugar este viernes alrededor de las 11.15 en el kil\u00f3metro 779 del corredor vial, a mil metros de lo se conoce como \u00abla curva de la muerte\u00bb, del lado de Zavalla.<\/p>\n<p>Seg\u00fan confirmaron desde la comisar\u00eda de Zavalla y la Agencia de Seguridad Vial a <em><strong>Rosario3.com<\/strong><\/em>, hay 10\u00a0personas fallecidas y 20 heridas, algunas de gravedad, que fueron trasladados al Heca, al Eva Per\u00f3n y al Centenario.<\/p>\n<p>La Agencia\u00a0inform\u00f3 que hay corte total de tr\u00e1nsito y los desv\u00edos se hace por ruta 14.<\/p>\n<p>Desde el lugar, el periodista Pedro Levy de El Tres inform\u00f3 sobre la presencia de unas 20 ambulancias y un gran despliegue policial. Tambi\u00e9n estaban presentes bomberos. Dos j\u00f3venes que estaban en el lugar aseguraron que \u00abuno de los micros se quiso adelantar y choc\u00f3 de frente al otro\u00bb. Sin embargo, otra de las versiones hablaba del revent\u00f3n de un neum\u00e1tico en uno de los colectivos.<\/p>\n<p>Interviene el fiscal de Homicidos Culposos Walter Jurado.<\/p>\n<p>Informe: Rosario3.com- Im\u00e1gen: Alan Monz\u00f3n.<\/p>\n","protected":false},"excerpt":{"rendered":"<p>El accidente vial se registr\u00f3 en el kil\u00f3metro 779 de la ruta 33. Tambi\u00e9n hay unas 20 personas heridas, algunas de gravedad. Una de las versiones que hab\u00eda en el lugar es el revent\u00f3n de un neum\u00e1tico de uno de los micros. El tr\u00e1nsito est\u00e1 totalmente cortado. Un grave accidente vial se registr\u00f3 en la <a href=\"https:\/\/armstrongyregion.com.ar\/diario\/gravisimo-choque-entre-dos-micros-en-perez-hay-al-menos-10-muertos\/\" title=\"Read more\" >&#8230;<\/a><\/p>\n","protected":false},"author":1,"featured_media":11819,"comment_status":"open","ping_status":"open","sticky":false,"template":"","format":"standard","meta":{"_jetpack_memberships_contains_paid_content":false,"footnotes":"","jetpack_publicize_message":"","jetpack_publicize_feature_enabled":true,"jetpack_social_post_already_shared":false,"jetpack_social_options":{"image_generator_settings":{"template":"highway","default_image_id":0,"enabled":false},"version":2}},"categories":[1,2,3],"tags":[5069],"class_list":["post-11818","post","type-post","status-publish","format-standard","has-post-thumbnail","hentry","category-diario-armstrong","category-locales","category-region","tag-gravisimo-choque-entre-dos-micros-en-perez-hay-al-menos-10-muertos"],"jetpack_publicize_connections":[],"jetpack_featured_media_url":"https:\/\/armstrongyregion.com.ar\/diario\/wp-content\/uploads\/2017\/02\/alan11.jpg_1305449671.jpg","jetpack_shortlink":"https:\/\/wp.me\/p62QDO-34C","jetpack_sharing_enabled":true,"amp_enabled":true,"_links":{"self":[{"href":"https:\/\/armstrongyregion.com.ar\/diario\/wp-json\/wp\/v2\/posts\/11818","targetHints":{"allow":["GET"]}}],"collection":[{"href":"https:\/\/armstrongyregion.com.ar\/diario\/wp-json\/wp\/v2\/posts"}],"about":[{"href":"https:\/\/armstrongyregion.com.ar\/diario\/wp-json\/wp\/v2\/types\/post"}],"author":[{"embeddable":true,"href":"https:\/\/armstrongyregion.com.ar\/diario\/wp-json\/wp\/v2\/users\/1"}],"replies":[{"embeddable":true,"href":"https:\/\/armstrongyregion.com.ar\/diario\/wp-json\/wp\/v2\/comments?post=11818"}],"version-history":[{"count":0,"href":"https:\/\/armstrongyregion.com.ar\/diario\/wp-json\/wp\/v2\/posts\/11818\/revisions"}],"wp:featuredmedia":[{"embeddable":true,"href":"https:\/\/armstrongyregion.com.ar\/diario\/wp-json\/wp\/v2\/media\/11819"}],"wp:attachment":[{"href":"https:\/\/armstrongyregion.com.ar\/diario\/wp-json\/wp\/v2\/media?parent=11818"}],"wp:term":[{"taxonomy":"category","embeddable":true,"href":"https:\/\/armstrongyregion.com.ar\/diario\/wp-json\/wp\/v2\/categories?post=11818"},{"taxonomy":"post_tag","embeddable":true,"href":"https:\/\/armstrongyregion.com.ar\/diario\/wp-json\/wp\/v2\/tags?post=11818"}],"curies":[{"name":"wp","href":"https:\/\/api.w.org\/{rel}","templated":true}]}}