{"id":11806,"date":"2017-02-24T00:29:59","date_gmt":"2017-02-24T00:29:59","guid":{"rendered":"https:\/\/armstrongyregion.com.ar\/diario\/?p=11806"},"modified":"2017-02-24T00:29:59","modified_gmt":"2017-02-24T00:29:59","slug":"abierta-la-inscripcion-para-becas-juan-b-justo-destinadas-a-estudiantes-del-dto-belgrano","status":"publish","type":"post","link":"https:\/\/armstrongyregion.com.ar\/diario\/abierta-la-inscripcion-para-becas-juan-b-justo-destinadas-a-estudiantes-del-dto-belgrano\/","title":{"rendered":"Abierta la inscripci\u00f3n para Becas \u201cJuan B. Justo\u201d, destinadas a estudiantes del Dto. Belgrano."},"content":{"rendered":"<p><a href=\"http:\/\/armstrongyregion.com.ar\/diario\/wp-content\/uploads\/2017\/02\/Diputado-Solis-123-.jpg\"><img loading=\"lazy\" decoding=\"async\" class=\"alignnone size-medium wp-image-11807\" src=\"http:\/\/armstrongyregion.com.ar\/diario\/wp-content\/uploads\/2017\/02\/Diputado-Solis-123--300x230.jpg\" alt=\"Diputado-Solis-123-\" width=\"300\" height=\"230\" srcset=\"https:\/\/armstrongyregion.com.ar\/diario\/wp-content\/uploads\/2017\/02\/Diputado-Solis-123--300x230.jpg 300w, https:\/\/armstrongyregion.com.ar\/diario\/wp-content\/uploads\/2017\/02\/Diputado-Solis-123-.jpg 768w\" sizes=\"auto, (max-width: 300px) 100vw, 300px\" \/><\/a>Hasta el d\u00eda 27 de febrero contin\u00faa abierta la inscripci\u00f3n al programa de becas estudiantiles impulsado por el Diputado Provincial Miguel Sol\u00eds.<\/p>\n<p>Dicho programa denominado \u201cJuan B. Justo\u201d, es \u00a0impulsado y financiado por el Dip Prov Miguel Sol\u00eds (Partido Socialista-FPCyS), y coordinado junto a sus colaboradores en el territorio, y la asistencia de los referentes del Partido Socialista de cada localidad.<\/p>\n<p>La iniciativa hab\u00eda surgido como resultado de la permanente recorrida que el diputado Sol\u00eds realiza en todo el departamento, visitando instituciones, manteniendo reuniones con centros de estudiantes, docentes, trabajadores, familias y vecinos.<\/p>\n<p>El Diputado Sol\u00eds en dialogo con los medios locales expresaba estar interiorizado sobre las diversas las dificultades que atraviesan muchos j\u00f3venes que en n\u00famero creciente desean acceder a estudios superiores y a los que se les hace dif\u00edcil estudiar, o culminar sus estudios y frente a esta realidad, se instrument\u00f3 este programa de becas estudiantiles en todo el departamento para j\u00f3venes estudiantes de carreras universitarias, profesorados, tecnicaturas o aquellos que eligen aprender un oficio en los Centros de Capacitaci\u00f3n.<\/p>\n<p>Nelso Reinaldi, referente del Partido Socialista- F.P.C.yS. agreg\u00f3: \u201cA los beneficiarios se le abonara \u00a0entre marzo y diciembre, en pagos mensuales iguales de monto fijo, de forma bancarizada e intransferible, haci\u00e9ndose efectiva la \u00faltima semana de cada mes en el Banco Santa Fe con presentaci\u00f3n del documento de identidad. Tambi\u00e9n inform\u00f3 que los interesados de Armstrong pueden comunicarse por \u00a0v\u00eda mail a partidosocialistadearmstrong@gmailcom o en Fischer 368.<\/p>\n","protected":false},"excerpt":{"rendered":"<p>Hasta el d\u00eda 27 de febrero contin\u00faa abierta la inscripci\u00f3n al programa de becas estudiantiles impulsado por el Diputado Provincial Miguel Sol\u00eds. Dicho programa denominado \u201cJuan B. Justo\u201d, es \u00a0impulsado y financiado por el Dip Prov Miguel Sol\u00eds (Partido Socialista-FPCyS), y coordinado junto a sus colaboradores en el territorio, y la asistencia de los referentes <a href=\"https:\/\/armstrongyregion.com.ar\/diario\/abierta-la-inscripcion-para-becas-juan-b-justo-destinadas-a-estudiantes-del-dto-belgrano\/\" title=\"Read more\" >&#8230;<\/a><\/p>\n","protected":false},"author":1,"featured_media":11807,"comment_status":"open","ping_status":"open","sticky":false,"template":"","format":"standard","meta":{"_jetpack_memberships_contains_paid_content":false,"footnotes":"","jetpack_publicize_message":"","jetpack_publicize_feature_enabled":true,"jetpack_social_post_already_shared":false,"jetpack_social_options":{"image_generator_settings":{"template":"highway","default_image_id":0,"enabled":false},"version":2}},"categories":[6,1,2,7],"tags":[5064,5065],"class_list":["post-11806","post","type-post","status-publish","format-standard","has-post-thumbnail","hentry","category-cultura-entretenimiento","category-diario-armstrong","category-locales","category-politica","tag-abierta-la-inscripcion-para-becas-juan-b-justo","tag-destinadas-a-estudiantes-del-dto-belgrano"],"jetpack_publicize_connections":[],"jetpack_featured_media_url":"https:\/\/armstrongyregion.com.ar\/diario\/wp-content\/uploads\/2017\/02\/Diputado-Solis-123-.jpg","jetpack_shortlink":"https:\/\/wp.me\/p62QDO-34q","jetpack_sharing_enabled":true,"amp_enabled":true,"_links":{"self":[{"href":"https:\/\/armstrongyregion.com.ar\/diario\/wp-json\/wp\/v2\/posts\/11806","targetHints":{"allow":["GET"]}}],"collection":[{"href":"https:\/\/armstrongyregion.com.ar\/diario\/wp-json\/wp\/v2\/posts"}],"about":[{"href":"https:\/\/armstrongyregion.com.ar\/diario\/wp-json\/wp\/v2\/types\/post"}],"author":[{"embeddable":true,"href":"https:\/\/armstrongyregion.com.ar\/diario\/wp-json\/wp\/v2\/users\/1"}],"replies":[{"embeddable":true,"href":"https:\/\/armstrongyregion.com.ar\/diario\/wp-json\/wp\/v2\/comments?post=11806"}],"version-history":[{"count":0,"href":"https:\/\/armstrongyregion.com.ar\/diario\/wp-json\/wp\/v2\/posts\/11806\/revisions"}],"wp:featuredmedia":[{"embeddable":true,"href":"https:\/\/armstrongyregion.com.ar\/diario\/wp-json\/wp\/v2\/media\/11807"}],"wp:attachment":[{"href":"https:\/\/armstrongyregion.com.ar\/diario\/wp-json\/wp\/v2\/media?parent=11806"}],"wp:term":[{"taxonomy":"category","embeddable":true,"href":"https:\/\/armstrongyregion.com.ar\/diario\/wp-json\/wp\/v2\/categories?post=11806"},{"taxonomy":"post_tag","embeddable":true,"href":"https:\/\/armstrongyregion.com.ar\/diario\/wp-json\/wp\/v2\/tags?post=11806"}],"curies":[{"name":"wp","href":"https:\/\/api.w.org\/{rel}","templated":true}]}}