{"id":11793,"date":"2017-02-23T15:31:59","date_gmt":"2017-02-23T15:31:59","guid":{"rendered":"https:\/\/armstrongyregion.com.ar\/diario\/?p=11793"},"modified":"2017-02-23T15:31:59","modified_gmt":"2017-02-23T15:31:59","slug":"continuan-las-gestiones-para-iriondo-por-parte-del-senador-rasetto","status":"publish","type":"post","link":"https:\/\/armstrongyregion.com.ar\/diario\/continuan-las-gestiones-para-iriondo-por-parte-del-senador-rasetto\/","title":{"rendered":"Contin\u00faan las gestiones para Iriondo por parte del Senador Rasetto ."},"content":{"rendered":"<div><a href=\"http:\/\/armstrongyregion.com.ar\/diario\/wp-content\/uploads\/2017\/02\/Rasetto-Armstrong-y-Region-.jpg\"><img loading=\"lazy\" decoding=\"async\" class=\"alignnone size-medium wp-image-11794\" src=\"http:\/\/armstrongyregion.com.ar\/diario\/wp-content\/uploads\/2017\/02\/Rasetto-Armstrong-y-Region--300x225.jpg\" alt=\"Rasetto-Armstrong-y-Region-\" width=\"300\" height=\"225\" srcset=\"https:\/\/armstrongyregion.com.ar\/diario\/wp-content\/uploads\/2017\/02\/Rasetto-Armstrong-y-Region--300x225.jpg 300w, https:\/\/armstrongyregion.com.ar\/diario\/wp-content\/uploads\/2017\/02\/Rasetto-Armstrong-y-Region--1024x768.jpg 1024w, https:\/\/armstrongyregion.com.ar\/diario\/wp-content\/uploads\/2017\/02\/Rasetto-Armstrong-y-Region-.jpg 1280w\" sizes=\"auto, (max-width: 300px) 100vw, 300px\" \/><\/a>En el Ministerio de Trabajo de la provincia de Santa Fe se analizaron los diferentes programas de capacitaci\u00f3n y su posibilidad de aplicaci\u00f3n en las localidades del departamento Iriondo.<\/div>\n<div><\/div>\n<div dir=\"auto\">El Lunes 20 de Febrero, en las instalaciones \u00a0del Ministerio de Trabajo de la ciudad de Rosario, el Senador Hugo Rasetto mantuvo una reuni\u00f3n con Andres Danelon, Director de la Gerencia de Empleo y Capacitaci\u00f3n de la Regi\u00f3n Sur, del Ministerio de Trabajo de la Provincia de Santa Fe.<\/div>\n<div dir=\"auto\">En dicho encuentro se trabaj\u00f3 sobre los variados programas con que cuenta el Ministerio para atender las m\u00faltiples cuestiones referidas al empleo, identificando diversas poblaciones de inter\u00e9s, analizando la aplicaci\u00f3n de acciones y recursos a cada una de ellas para, finalmente, implementar estas pol\u00edticas p\u00fablicas en las diferentes localidades del departamento Iriondo.<\/div>\n<div dir=\"auto\">La reuni\u00f3n distinguida por la buena predisposici\u00f3n y el compromiso, fue llevada a cabo gracias al nexo establecido por el Diputado Germ\u00e1n Mastrocola, y de esta manera, Rasetto y Danelon pudieron trabajar sobre \u00a0directrices y planes de acci\u00f3n para Iriondo.<\/div>\n","protected":false},"excerpt":{"rendered":"<p>En el Ministerio de Trabajo de la provincia de Santa Fe se analizaron los diferentes programas de capacitaci\u00f3n y su posibilidad de aplicaci\u00f3n en las localidades del departamento Iriondo. El Lunes 20 de Febrero, en las instalaciones \u00a0del Ministerio de Trabajo de la ciudad de Rosario, el Senador Hugo Rasetto mantuvo una reuni\u00f3n con Andres <a href=\"https:\/\/armstrongyregion.com.ar\/diario\/continuan-las-gestiones-para-iriondo-por-parte-del-senador-rasetto\/\" title=\"Read more\" >&#8230;<\/a><\/p>\n","protected":false},"author":1,"featured_media":11794,"comment_status":"open","ping_status":"open","sticky":false,"template":"","format":"standard","meta":{"_jetpack_memberships_contains_paid_content":false,"footnotes":"","jetpack_publicize_message":"","jetpack_publicize_feature_enabled":true,"jetpack_social_post_already_shared":false,"jetpack_social_options":{"image_generator_settings":{"template":"highway","default_image_id":0,"enabled":false},"version":2}},"categories":[1,7,3],"tags":[20,5060,388,13],"class_list":["post-11793","post","type-post","status-publish","format-standard","has-post-thumbnail","hentry","category-diario-armstrong","category-politica","category-region","tag-armstrong","tag-continuan-las-gestiones-para-iriondo-por-parte-del-senador-rasetto","tag-region-2","tag-y"],"jetpack_publicize_connections":[],"jetpack_featured_media_url":"https:\/\/armstrongyregion.com.ar\/diario\/wp-content\/uploads\/2017\/02\/Rasetto-Armstrong-y-Region-.jpg","jetpack_shortlink":"https:\/\/wp.me\/p62QDO-34d","jetpack_sharing_enabled":true,"amp_enabled":true,"_links":{"self":[{"href":"https:\/\/armstrongyregion.com.ar\/diario\/wp-json\/wp\/v2\/posts\/11793","targetHints":{"allow":["GET"]}}],"collection":[{"href":"https:\/\/armstrongyregion.com.ar\/diario\/wp-json\/wp\/v2\/posts"}],"about":[{"href":"https:\/\/armstrongyregion.com.ar\/diario\/wp-json\/wp\/v2\/types\/post"}],"author":[{"embeddable":true,"href":"https:\/\/armstrongyregion.com.ar\/diario\/wp-json\/wp\/v2\/users\/1"}],"replies":[{"embeddable":true,"href":"https:\/\/armstrongyregion.com.ar\/diario\/wp-json\/wp\/v2\/comments?post=11793"}],"version-history":[{"count":0,"href":"https:\/\/armstrongyregion.com.ar\/diario\/wp-json\/wp\/v2\/posts\/11793\/revisions"}],"wp:featuredmedia":[{"embeddable":true,"href":"https:\/\/armstrongyregion.com.ar\/diario\/wp-json\/wp\/v2\/media\/11794"}],"wp:attachment":[{"href":"https:\/\/armstrongyregion.com.ar\/diario\/wp-json\/wp\/v2\/media?parent=11793"}],"wp:term":[{"taxonomy":"category","embeddable":true,"href":"https:\/\/armstrongyregion.com.ar\/diario\/wp-json\/wp\/v2\/categories?post=11793"},{"taxonomy":"post_tag","embeddable":true,"href":"https:\/\/armstrongyregion.com.ar\/diario\/wp-json\/wp\/v2\/tags?post=11793"}],"curies":[{"name":"wp","href":"https:\/\/api.w.org\/{rel}","templated":true}]}}