{"id":11756,"date":"2017-02-21T20:15:16","date_gmt":"2017-02-21T20:15:16","guid":{"rendered":"https:\/\/armstrongyregion.com.ar\/diario\/?p=11756"},"modified":"2017-02-21T19:43:24","modified_gmt":"2017-02-21T19:43:24","slug":"concejal-gramigna-entrego-guardapolvos-a-accion-social-municipal","status":"publish","type":"post","link":"https:\/\/armstrongyregion.com.ar\/diario\/concejal-gramigna-entrego-guardapolvos-a-accion-social-municipal\/","title":{"rendered":"Concejal Gramigna entreg\u00f3 guardapolvos a Acci\u00f3n Social Municipal."},"content":{"rendered":"<p><img loading=\"lazy\" decoding=\"async\" class=\"alignnone size-full wp-image-11757\" src=\"http:\/\/armstrongyregion.com.ar\/diario\/wp-content\/uploads\/2017\/02\/Emiliano-Gramigna-armstrong-regi\u00f3n.jpg\" alt=\"Emiliano-Gramigna-armstrong-regi\u00f3n\" width=\"720\" height=\"720\" srcset=\"https:\/\/armstrongyregion.com.ar\/diario\/wp-content\/uploads\/2017\/02\/Emiliano-Gramigna-armstrong-regi\u00f3n.jpg 720w, https:\/\/armstrongyregion.com.ar\/diario\/wp-content\/uploads\/2017\/02\/Emiliano-Gramigna-armstrong-regi\u00f3n-150x150.jpg 150w, https:\/\/armstrongyregion.com.ar\/diario\/wp-content\/uploads\/2017\/02\/Emiliano-Gramigna-armstrong-regi\u00f3n-300x300.jpg 300w, https:\/\/armstrongyregion.com.ar\/diario\/wp-content\/uploads\/2017\/02\/Emiliano-Gramigna-armstrong-regi\u00f3n-144x144.jpg 144w\" sizes=\"auto, (max-width: 720px) 100vw, 720px\" \/><\/p>\n<p>El Concejal Emiliano Gramigna entreg\u00f3 a la oficina de acci\u00f3n social de la Municipalidad de Armstrong m\u00e1s de 80 guardapolvos para que sean repartidos a los chicos para iniciar el ciclo escolar.<br \/>\n\u00abLos guardapolvos son el s\u00edmbolo de la igualdad de los chicos y decidimos entregarlos directamente a acci\u00f3n social para que ellos los repartan a quienes los necesiten\u00bb expres\u00f3 el Concejal.<br \/>\n\u00abLa idea siempre de nuestra agrupaci\u00f3n es colaborar con las instituciones del Estado y no por encima de ellas, en \u00e9ste caso realizamos la gesti\u00f3n para adquirir los guardapolvos y darlos a la instituci\u00f3n del Estado que debe repartirlos que es acci\u00f3n social\u00bb<\/p>\n","protected":false},"excerpt":{"rendered":"<p>El Concejal Emiliano Gramigna entreg\u00f3 a la oficina de acci\u00f3n social de la Municipalidad de Armstrong m\u00e1s de 80 guardapolvos para que sean repartidos a los chicos para iniciar el ciclo escolar. \u00abLos guardapolvos son el s\u00edmbolo de la igualdad de los chicos y decidimos entregarlos directamente a acci\u00f3n social para que ellos los repartan <a href=\"https:\/\/armstrongyregion.com.ar\/diario\/concejal-gramigna-entrego-guardapolvos-a-accion-social-municipal\/\" title=\"Read more\" >&#8230;<\/a><\/p>\n","protected":false},"author":2,"featured_media":11757,"comment_status":"open","ping_status":"open","sticky":false,"template":"","format":"standard","meta":{"_jetpack_memberships_contains_paid_content":false,"footnotes":"","jetpack_publicize_message":"","jetpack_publicize_feature_enabled":true,"jetpack_social_post_already_shared":false,"jetpack_social_options":{"image_generator_settings":{"template":"highway","default_image_id":0,"enabled":false},"version":2}},"categories":[1,7],"tags":[5016,5049,5030,5050],"class_list":["post-11756","post","type-post","status-publish","format-standard","has-post-thumbnail","hentry","category-diario-armstrong","category-politica","tag-armstrong-y-region","tag-concejal-gramigna","tag-diario-armstrong","tag-gramigna-entrego-guardapolvos-a-accion-social-municipal"],"jetpack_publicize_connections":[],"jetpack_featured_media_url":"https:\/\/armstrongyregion.com.ar\/diario\/wp-content\/uploads\/2017\/02\/Emiliano-Gramigna-armstrong-regi\u00f3n.jpg","jetpack_shortlink":"https:\/\/wp.me\/p62QDO-33C","jetpack_sharing_enabled":true,"amp_enabled":true,"_links":{"self":[{"href":"https:\/\/armstrongyregion.com.ar\/diario\/wp-json\/wp\/v2\/posts\/11756","targetHints":{"allow":["GET"]}}],"collection":[{"href":"https:\/\/armstrongyregion.com.ar\/diario\/wp-json\/wp\/v2\/posts"}],"about":[{"href":"https:\/\/armstrongyregion.com.ar\/diario\/wp-json\/wp\/v2\/types\/post"}],"author":[{"embeddable":true,"href":"https:\/\/armstrongyregion.com.ar\/diario\/wp-json\/wp\/v2\/users\/2"}],"replies":[{"embeddable":true,"href":"https:\/\/armstrongyregion.com.ar\/diario\/wp-json\/wp\/v2\/comments?post=11756"}],"version-history":[{"count":0,"href":"https:\/\/armstrongyregion.com.ar\/diario\/wp-json\/wp\/v2\/posts\/11756\/revisions"}],"wp:featuredmedia":[{"embeddable":true,"href":"https:\/\/armstrongyregion.com.ar\/diario\/wp-json\/wp\/v2\/media\/11757"}],"wp:attachment":[{"href":"https:\/\/armstrongyregion.com.ar\/diario\/wp-json\/wp\/v2\/media?parent=11756"}],"wp:term":[{"taxonomy":"category","embeddable":true,"href":"https:\/\/armstrongyregion.com.ar\/diario\/wp-json\/wp\/v2\/categories?post=11756"},{"taxonomy":"post_tag","embeddable":true,"href":"https:\/\/armstrongyregion.com.ar\/diario\/wp-json\/wp\/v2\/tags?post=11756"}],"curies":[{"name":"wp","href":"https:\/\/api.w.org\/{rel}","templated":true}]}}