{"id":11737,"date":"2017-02-21T14:37:57","date_gmt":"2017-02-21T14:37:57","guid":{"rendered":"https:\/\/armstrongyregion.com.ar\/diario\/?p=11737"},"modified":"2017-02-21T14:37:57","modified_gmt":"2017-02-21T14:37:57","slug":"el-socialismo-de-la-region-se-reunio-en-las-rosas","status":"publish","type":"post","link":"https:\/\/armstrongyregion.com.ar\/diario\/el-socialismo-de-la-region-se-reunio-en-las-rosas\/","title":{"rendered":"El Socialismo de la regi\u00f3n se reuni\u00f3 en Las Rosas."},"content":{"rendered":"<p id=\"yui_3_16_0_ym19_1_1487685353450_3517\" class=\"yiv8259456162MsoNormal\"><span id=\"yui_3_16_0_ym19_1_1487685353450_4563\">El s\u00e1bado 18 de febrero se llev\u00f3 a cabo en Las Rosas un encuentro interdepartamental que convoco a dirigentes y referentes del Partido Socialista y de Solidaridad e Igualdad de los departamentos Belgrano e Iriondo.<\/span><\/p>\n<p id=\"yui_3_16_0_ym19_1_1487685353450_4680\" class=\"yiv8259456162MsoNormal\"><span id=\"yui_3_16_0_ym19_1_1487685353450_4679\">\u00a0\u00a0 La reuni\u00f3n desarrollo una agenda pol\u00edtica amplia, como as\u00ed tambi\u00e9n, un repaso de los temas de actualidad social y econ\u00f3mica de la regi\u00f3n, como as\u00ed tambi\u00e9n, provincial y nacional. <\/span><\/p>\n<p id=\"yui_3_16_0_ym19_1_1487685353450_4683\" class=\"yiv8259456162MsoNormal\"><span id=\"yui_3_16_0_ym19_1_1487685353450_4682\">\u00a0\u00a0 Estuvieron presentes el Presidente del bloque de Diputados Socialistas, Ruben Galassi, el diputado provincial Miguel Solis, el Presidente del PS santafesino, Enrique Estevez, Ezequiel Costamagna, Sub. Sec. De Gobierno, Lisandro D Anna de Municipios y Comunas, los jefes comunales Leandro Dietschi y Luis Sabena(SI) y Fabian Cejas, El Sec. De Gobierno de Galvez, Esteban Lenci, Claudio Recanatesi de D.P.V., el Delegado Regional de Educaci\u00f3n, Mario Ramos, entre otros dirigentes, concejales y referentes de 11 localidades de los departamentos de Iriondo y Belgrano. <\/span><\/p>\n<p id=\"yui_3_16_0_ym19_1_1487685353450_4685\" class=\"yiv8259456162MsoNormal\"><span id=\"yui_3_16_0_ym19_1_1487685353450_4684\">\u00a0 \u00a0De este encuentro se destaca claramente la voluntad de mantener con firmeza el Frente Progresista, que lleva m\u00e1s de 20 a\u00f1os de conformaci\u00f3n en la provincia y que la ciudadan\u00eda eligi\u00f3 por tercera vez consecutiva, constituyendo en cada localidad una alternativa de centroizquierda, que lleve adelante un acuerdo program\u00e1tico amplio con sectores progresistas y que proponga una opci\u00f3n distinta a las pol\u00edticas neoliberales impulsadas por el gobierno nacional.<\/span><\/p>\n","protected":false},"excerpt":{"rendered":"<p>El s\u00e1bado 18 de febrero se llev\u00f3 a cabo en Las Rosas un encuentro interdepartamental que convoco a dirigentes y referentes del Partido Socialista y de Solidaridad e Igualdad de los departamentos Belgrano e Iriondo. \u00a0\u00a0 La reuni\u00f3n desarrollo una agenda pol\u00edtica amplia, como as\u00ed tambi\u00e9n, un repaso de los temas de actualidad social y <a href=\"https:\/\/armstrongyregion.com.ar\/diario\/el-socialismo-de-la-region-se-reunio-en-las-rosas\/\" title=\"Read more\" >&#8230;<\/a><\/p>\n","protected":false},"author":1,"featured_media":11741,"comment_status":"open","ping_status":"open","sticky":false,"template":"","format":"standard","meta":{"_jetpack_memberships_contains_paid_content":false,"footnotes":"","jetpack_publicize_message":"","jetpack_publicize_feature_enabled":true,"jetpack_social_post_already_shared":false,"jetpack_social_options":{"image_generator_settings":{"template":"highway","default_image_id":0,"enabled":false},"version":2}},"categories":[9,1,2,7,3],"tags":[1990,388,462,5045],"class_list":["post-11737","post","type-post","status-publish","format-standard","has-post-thumbnail","hentry","category-contacto","category-diario-armstrong","category-locales","category-politica","category-region","tag-las-rosas","tag-region-2","tag-reunion","tag-socialismo"],"jetpack_publicize_connections":[],"jetpack_featured_media_url":"https:\/\/armstrongyregion.com.ar\/diario\/wp-content\/uploads\/2017\/02\/tn.jpg","jetpack_shortlink":"https:\/\/wp.me\/p62QDO-33j","jetpack_sharing_enabled":true,"amp_enabled":true,"_links":{"self":[{"href":"https:\/\/armstrongyregion.com.ar\/diario\/wp-json\/wp\/v2\/posts\/11737","targetHints":{"allow":["GET"]}}],"collection":[{"href":"https:\/\/armstrongyregion.com.ar\/diario\/wp-json\/wp\/v2\/posts"}],"about":[{"href":"https:\/\/armstrongyregion.com.ar\/diario\/wp-json\/wp\/v2\/types\/post"}],"author":[{"embeddable":true,"href":"https:\/\/armstrongyregion.com.ar\/diario\/wp-json\/wp\/v2\/users\/1"}],"replies":[{"embeddable":true,"href":"https:\/\/armstrongyregion.com.ar\/diario\/wp-json\/wp\/v2\/comments?post=11737"}],"version-history":[{"count":0,"href":"https:\/\/armstrongyregion.com.ar\/diario\/wp-json\/wp\/v2\/posts\/11737\/revisions"}],"wp:featuredmedia":[{"embeddable":true,"href":"https:\/\/armstrongyregion.com.ar\/diario\/wp-json\/wp\/v2\/media\/11741"}],"wp:attachment":[{"href":"https:\/\/armstrongyregion.com.ar\/diario\/wp-json\/wp\/v2\/media?parent=11737"}],"wp:term":[{"taxonomy":"category","embeddable":true,"href":"https:\/\/armstrongyregion.com.ar\/diario\/wp-json\/wp\/v2\/categories?post=11737"},{"taxonomy":"post_tag","embeddable":true,"href":"https:\/\/armstrongyregion.com.ar\/diario\/wp-json\/wp\/v2\/tags?post=11737"}],"curies":[{"name":"wp","href":"https:\/\/api.w.org\/{rel}","templated":true}]}}