{"id":11734,"date":"2017-02-21T14:18:12","date_gmt":"2017-02-21T14:18:12","guid":{"rendered":"https:\/\/armstrongyregion.com.ar\/diario\/?p=11734"},"modified":"2017-02-21T14:18:12","modified_gmt":"2017-02-21T14:18:12","slug":"cornaglia-el-senado-se-ocupa-de-los-casos-de-cancer-detectados-en-el-territorio-provincial","status":"publish","type":"post","link":"https:\/\/armstrongyregion.com.ar\/diario\/cornaglia-el-senado-se-ocupa-de-los-casos-de-cancer-detectados-en-el-territorio-provincial\/","title":{"rendered":"Cornaglia: El Senado se ocupa de los casos de c\u00e1ncer detectados en el territorio provincial."},"content":{"rendered":"<p id=\"yiv8506964367gmail-copete\" class=\"yiv8506964367gmail-copete-ficha yiv8506964367gmail-t16\"><a id=\"yui_3_16_0_ym19_1_1487685353450_2738\" title=\"\" href=\"http:\/\/www.elprotagonistaweb.com.ar\/data\/img_cont\/img_imagenes\/img_gr\/11839.jpg\" target=\"_blank\" rel=\"noreferrer\"><img decoding=\"async\" id=\"yui_3_16_0_ym19_1_1487685353450_2737\" title=\"El Senado se ocupa de los casos de c\u00e1ncer detectados en el territorio provincial\" src=\"http:\/\/www.elprotagonistaweb.com.ar\/data\/img_cont\/img_imagenes\/img_gr\/11839.jpg\" alt=\"El Senado se ocupa de los casos de c\u00e1ncer detectados en el territorio provincial\" width=\"250\" \/><\/a><\/p>\n<p class=\"yiv8506964367gmail-copete-ficha yiv8506964367gmail-t16\">Para Cornaglia, \u201centre un 40% y un 80% de los c\u00e1nceres pueden ser prevenidos\u201d.<\/p>\n<div id=\"yiv8506964367gmail-desarrollo\" class=\"yiv8506964367gmail-desarrollo-nota yiv8506964367gmail-clearfix yiv8506964367gmail-t14\">En la sesi\u00f3n extraordinaria del jueves 16 de febrero de 2017 de la C\u00e1mara de Senadores de la Provincia de Santa Fe,\u00a0<strong id=\"yui_3_16_0_ym19_1_1487685353450_2926\">\u201cen relaci\u00f3n a estad\u00edsticas de patolog\u00eda oncol\u00f3gica\u201d,\u00a0<\/strong>por unanimidad y sobre tablas se aprob\u00f3 el Proyecto de Pedido de Informes de autor\u00eda del senador provincial justicialista\u00a0<strong>Guillermo Cornaglia\u00a0<\/strong>(BJ-Belgrano), por el cual el Senado solicita al Poder Ejecutivo que, a trav\u00e9s del Ministerio correspondiente, informe sobre la \u201ccantidad de casos registrados con detalle de sexo y edad, por departamento, discriminado por su atenci\u00f3n en efectores p\u00fablicos y privados;\u00a0<strong id=\"yui_3_16_0_ym19_1_1487685353450_2897\">identificaci\u00f3n de agentes carcin\u00f3genos;<\/strong>\u00a0estad\u00edsticas de fallecimiento y supervivencia; y proceso activo en investigaci\u00f3n acerca de factores de riesgo de patolog\u00eda oncol\u00f3gica, con detalle de zonas, regiones y\/o departamento\u201d; atento a que existe una gran preocupaci\u00f3n en la poblaci\u00f3n como en las autoridades por\u00a0<strong>\u201cla cantidad de casos de c\u00e1ncer detectados en el territorio provincial\u201d.<\/strong><\/p>\n<p>Las patolog\u00edas oncol\u00f3gicas, en su gran mayor\u00eda, se presentan en forma continua y, como para casi todas las enfermedades,\u00a0<strong>\u201cla causa del c\u00e1ncer es multifactorial\u201d.\u00a0<\/strong>Al respecto, \u201centendemos que hay sustancias o agentes externos que son capaces de aumentar las probabilidades de generar tumores\u201d. Esos agentes carcin\u00f3genos pueden determinarse, con el fin de\u00a0<strong>\u201cevitar los factores de riesgo\u201d.\u00a0<\/strong>Su naturaleza es variada, encontr\u00e1ndose factores f\u00edsicos, qu\u00edmicos y biol\u00f3gicos.<\/p>\n<p>Seg\u00fan cifras de la Organizaci\u00f3n Mundial de la Salud (OMS),\u00a0<strong id=\"yui_3_16_0_ym19_1_1487685353450_2932\">\u201centre un 40% y un 80% de los c\u00e1nceres pueden ser prevenidos\u201d\u00a0<\/strong>evitando factores de riesgo como fumar, exposici\u00f3n al sol, abuso del alcohol y mala alimentaci\u00f3n, ingesta de agua de mala calidad o proximidad o contacto con agentes qu\u00edmicos.<\/p>\n<p>Aunque algunas caracter\u00edsticas como la edad, sexo, raza e historia familiar no pueden ser modificadas, \u201cel conocimiento de los factores de riesgo de cada zona puede ayudar a idear una estrategia de prevenci\u00f3n con controles m\u00e9dicos regulares y un estilo de vida saludable\u201d, fundament\u00f3 el senador justicialista\u00a0<strong>Guillermo Cornaglia\u00a0<\/strong>(BJ-Belgrano) el Proyecto de Pedido de Informes de su autor\u00eda, aprobado en la sesi\u00f3n extraordinaria del jueves 16 de febrero de 2017 de la C\u00e1mara de Senadores de la Provincia de Santa Fe, sobre tablas y por unanimidad, no sin antes reiterar que\u00a0<strong>\u201cun alto porcentaje de los c\u00e1nceres pueden ser prevenidos evitando factores de riesgo\u201d.<\/strong><\/div>\n","protected":false},"excerpt":{"rendered":"<p>Para Cornaglia, \u201centre un 40% y un 80% de los c\u00e1nceres pueden ser prevenidos\u201d. En la sesi\u00f3n extraordinaria del jueves 16 de febrero de 2017 de la C\u00e1mara de Senadores de la Provincia de Santa Fe,\u00a0\u201cen relaci\u00f3n a estad\u00edsticas de patolog\u00eda oncol\u00f3gica\u201d,\u00a0por unanimidad y sobre tablas se aprob\u00f3 el Proyecto de Pedido de Informes de <a href=\"https:\/\/armstrongyregion.com.ar\/diario\/cornaglia-el-senado-se-ocupa-de-los-casos-de-cancer-detectados-en-el-territorio-provincial\/\" title=\"Read more\" >&#8230;<\/a><\/p>\n","protected":false},"author":1,"featured_media":0,"comment_status":"open","ping_status":"open","sticky":false,"template":"","format":"standard","meta":{"_jetpack_memberships_contains_paid_content":false,"footnotes":"","jetpack_publicize_message":"","jetpack_publicize_feature_enabled":true,"jetpack_social_post_already_shared":false,"jetpack_social_options":{"image_generator_settings":{"template":"highway","default_image_id":0,"enabled":false},"version":2}},"categories":[9,1,2,7,4,3],"tags":[5042],"class_list":["post-11734","post","type-post","status-publish","format-standard","hentry","category-contacto","category-diario-armstrong","category-locales","category-politica","category-prevencion-salud","category-region","tag-cornaglia-el-senado-se-ocupa-de-los-casos-de-cancer-detectados-en-el-territorio-provincial"],"jetpack_publicize_connections":[],"jetpack_featured_media_url":"","jetpack_shortlink":"https:\/\/wp.me\/p62QDO-33g","jetpack_sharing_enabled":true,"amp_enabled":true,"_links":{"self":[{"href":"https:\/\/armstrongyregion.com.ar\/diario\/wp-json\/wp\/v2\/posts\/11734","targetHints":{"allow":["GET"]}}],"collection":[{"href":"https:\/\/armstrongyregion.com.ar\/diario\/wp-json\/wp\/v2\/posts"}],"about":[{"href":"https:\/\/armstrongyregion.com.ar\/diario\/wp-json\/wp\/v2\/types\/post"}],"author":[{"embeddable":true,"href":"https:\/\/armstrongyregion.com.ar\/diario\/wp-json\/wp\/v2\/users\/1"}],"replies":[{"embeddable":true,"href":"https:\/\/armstrongyregion.com.ar\/diario\/wp-json\/wp\/v2\/comments?post=11734"}],"version-history":[{"count":0,"href":"https:\/\/armstrongyregion.com.ar\/diario\/wp-json\/wp\/v2\/posts\/11734\/revisions"}],"wp:attachment":[{"href":"https:\/\/armstrongyregion.com.ar\/diario\/wp-json\/wp\/v2\/media?parent=11734"}],"wp:term":[{"taxonomy":"category","embeddable":true,"href":"https:\/\/armstrongyregion.com.ar\/diario\/wp-json\/wp\/v2\/categories?post=11734"},{"taxonomy":"post_tag","embeddable":true,"href":"https:\/\/armstrongyregion.com.ar\/diario\/wp-json\/wp\/v2\/tags?post=11734"}],"curies":[{"name":"wp","href":"https:\/\/api.w.org\/{rel}","templated":true}]}}