{"id":11720,"date":"2017-02-17T20:12:46","date_gmt":"2017-02-17T20:12:46","guid":{"rendered":"https:\/\/armstrongyregion.com.ar\/diario\/?p=11720"},"modified":"2017-02-17T20:12:46","modified_gmt":"2017-02-17T20:12:46","slug":"canada-de-gomez-municipio-establece-agenda-comun-con-colegio-de-arquitectos-y-suma-aportes","status":"publish","type":"post","link":"https:\/\/armstrongyregion.com.ar\/diario\/canada-de-gomez-municipio-establece-agenda-comun-con-colegio-de-arquitectos-y-suma-aportes\/","title":{"rendered":"Ca\u00f1ada de G\u00f3mez. Municipio establece agenda com\u00fan con colegio de arquitectos y suma aportes."},"content":{"rendered":"<div class=\"adn ads\"><img loading=\"lazy\" decoding=\"async\" class=\"alignnone size-large wp-image-11721\" src=\"http:\/\/armstrongyregion.com.ar\/diario\/wp-content\/uploads\/2017\/02\/Can\u0303ada-de-gomez-diario-armstrong-1024x768.jpeg\" alt=\"Can\u0303ada-de-gomez-diario-armstrong\" width=\"800\" height=\"600\" srcset=\"https:\/\/armstrongyregion.com.ar\/diario\/wp-content\/uploads\/2017\/02\/Can\u0303ada-de-gomez-diario-armstrong.jpeg 1024w, https:\/\/armstrongyregion.com.ar\/diario\/wp-content\/uploads\/2017\/02\/Can\u0303ada-de-gomez-diario-armstrong-300x225.jpeg 300w\" sizes=\"auto, (max-width: 800px) 100vw, 800px\" \/><\/div>\n<div class=\"adn ads\">\n<div class=\"gs\"><\/div>\n<p>\u201cLa nueva terminal ser\u00e1 una decisi\u00f3n hist\u00f3rica, al igual que el Parque Industrial y la autopista, fruto del consenso y el di\u00e1logo\u201d, defini\u00f3 el equipo de Obras P\u00fablicas en un encuentro con los profesionales. El organismo colegiado destac\u00f3 \u201cla convocatoria y apertura del municipio hacia un trabajo en conjunto para abordar la tem\u00e1tica\u201d.<\/p>\n<p>En vista a la relocalizaci\u00f3n de la terminal de \u00f3mnibus, el Municipio fij\u00f3 una agenda en com\u00fan con el Colegio de Arquitectos local, mientras que contin\u00faa sumando otros aportes t\u00e9cnicos interdisciplinarios provenientes de organismos, universidades y ciudades que atravesaron por esta experiencia.<br \/>\nFue en el marco de un encuentro t\u00e9cnico para dilucidar estrategias y proyectos al respecto, que resultaron puntos de acuerdo para avanzar en el tema. La pr\u00f3xima semana pr\u00f3xima se realizar\u00e1 un taller en el que arquitectos locales junto a integrantes de la c\u00e1tedra de Urbanismo de la Universidad Nacional de Rosario y el equipo t\u00e9cnico de la Secretar\u00eda de Obras P\u00fablicas de la Municipalidad abordar\u00e1n las posibilidades de reubicaci\u00f3n de la terminal.<br \/>\n\u201cEl lugar donde se relocalice la nueva terminal concluir\u00e1 con una problem\u00e1tica que data de treinta a\u00f1os. Al igual que la radicaci\u00f3n del Parque Industrial, los accesos a la autopista, entre otras intervenciones urban\u00edsticas de gran envergadura, ser\u00e1n fruto del consenso y el di\u00e1logo\u201d, asegur\u00f3 la secretaria de Obras P\u00fablicas del municipio, Anal\u00eda De Gasperi. En sinton\u00eda con su equipo de profesionales a\u00f1adi\u00f3: \u201cPara ello contamos con una herramienta formidable y din\u00e1mica como el Plan Estrat\u00e9gico Urbano Territorial\u201d.<\/p>\n<p>Zona de los archivos adjuntos<\/p><\/div>\n<div class=\"gA gt acV\"><\/div>\n","protected":false},"excerpt":{"rendered":"<p>\u201cLa nueva terminal ser\u00e1 una decisi\u00f3n hist\u00f3rica, al igual que el Parque Industrial y la autopista, fruto del consenso y el di\u00e1logo\u201d, defini\u00f3 el equipo de Obras P\u00fablicas en un encuentro con los profesionales. El organismo colegiado destac\u00f3 \u201cla convocatoria y apertura del municipio hacia un trabajo en conjunto para abordar la tem\u00e1tica\u201d. En vista <a href=\"https:\/\/armstrongyregion.com.ar\/diario\/canada-de-gomez-municipio-establece-agenda-comun-con-colegio-de-arquitectos-y-suma-aportes\/\" title=\"Read more\" >&#8230;<\/a><\/p>\n","protected":false},"author":2,"featured_media":0,"comment_status":"open","ping_status":"open","sticky":false,"template":"","format":"standard","meta":{"_jetpack_memberships_contains_paid_content":false,"footnotes":"","jetpack_publicize_message":"","jetpack_publicize_feature_enabled":true,"jetpack_social_post_already_shared":false,"jetpack_social_options":{"image_generator_settings":{"template":"highway","default_image_id":0,"enabled":false},"version":2}},"categories":[1,3],"tags":[5016,420,5030,5037],"class_list":["post-11720","post","type-post","status-publish","format-standard","hentry","category-diario-armstrong","category-region","tag-armstrong-y-region","tag-canada-de-gomez","tag-diario-armstrong","tag-municipio-establece-agenda-comun-con-colegio-de-arquitectos"],"jetpack_publicize_connections":[],"jetpack_featured_media_url":"","jetpack_shortlink":"https:\/\/wp.me\/p62QDO-332","jetpack_sharing_enabled":true,"amp_enabled":true,"_links":{"self":[{"href":"https:\/\/armstrongyregion.com.ar\/diario\/wp-json\/wp\/v2\/posts\/11720","targetHints":{"allow":["GET"]}}],"collection":[{"href":"https:\/\/armstrongyregion.com.ar\/diario\/wp-json\/wp\/v2\/posts"}],"about":[{"href":"https:\/\/armstrongyregion.com.ar\/diario\/wp-json\/wp\/v2\/types\/post"}],"author":[{"embeddable":true,"href":"https:\/\/armstrongyregion.com.ar\/diario\/wp-json\/wp\/v2\/users\/2"}],"replies":[{"embeddable":true,"href":"https:\/\/armstrongyregion.com.ar\/diario\/wp-json\/wp\/v2\/comments?post=11720"}],"version-history":[{"count":0,"href":"https:\/\/armstrongyregion.com.ar\/diario\/wp-json\/wp\/v2\/posts\/11720\/revisions"}],"wp:attachment":[{"href":"https:\/\/armstrongyregion.com.ar\/diario\/wp-json\/wp\/v2\/media?parent=11720"}],"wp:term":[{"taxonomy":"category","embeddable":true,"href":"https:\/\/armstrongyregion.com.ar\/diario\/wp-json\/wp\/v2\/categories?post=11720"},{"taxonomy":"post_tag","embeddable":true,"href":"https:\/\/armstrongyregion.com.ar\/diario\/wp-json\/wp\/v2\/tags?post=11720"}],"curies":[{"name":"wp","href":"https:\/\/api.w.org\/{rel}","templated":true}]}}