{"id":11717,"date":"2017-02-17T12:34:30","date_gmt":"2017-02-17T12:34:30","guid":{"rendered":"https:\/\/armstrongyregion.com.ar\/diario\/?p=11717"},"modified":"2017-02-17T12:34:30","modified_gmt":"2017-02-17T12:34:30","slug":"pullaro-se-reunio-con-verdecchia-y-marozzi","status":"publish","type":"post","link":"https:\/\/armstrongyregion.com.ar\/diario\/pullaro-se-reunio-con-verdecchia-y-marozzi\/","title":{"rendered":"Pullaro se reuni\u00f3 con Verdecchia y Marozzi"},"content":{"rendered":"<p id=\"yui_3_16_0_ym19_1_1487331759490_6196\" align=\"left\"><span id=\"yui_3_16_0_ym19_1_1487331759490_6195\" style=\"color: #000000;\"><span id=\"yui_3_16_0_ym19_1_1487331759490_6194\"><span id=\"yui_3_16_0_ym19_1_1487331759490_6193\" style=\"font-family: Calibri,serif;\"><span id=\"yui_3_16_0_ym19_1_1487331759490_6192\" style=\"font-size: medium;\"><span id=\"yui_3_16_0_ym19_1_1487331759490_6191\"><span id=\"yui_3_16_0_ym19_1_1487331759490_6190\">Este Mi\u00e9rcoles el Ministro de Seguridad Maximiliano Pullaro recibi\u00f3 al intendente de Armstrong, Pablo Verdecchia y al Presidente del Concejo de la misma localidad Adri\u00e1n Marozzi. En la oportunidad los funcionarios dialogaron acerca de la incorporaci\u00f3n de una nueva camioneta para cumplir servicios policiales<\/span><\/span><\/span><\/span><\/span><\/span><span style=\"color: #000000;\"><span style=\"font-family: Calibri,serif;\"><span style=\"font-size: medium;\"> de prevenci\u00f3n y patrullaje<\/span><\/span><\/span><span style=\"color: #000000;\"><span style=\"font-family: Calibri,serif;\"><span style=\"font-size: medium;\"> en la ciudad. <\/span><\/span><\/span><span id=\"yui_3_16_0_ym19_1_1487331759490_6253\" style=\"color: #000000;\"><span id=\"yui_3_16_0_ym19_1_1487331759490_6252\"><span id=\"yui_3_16_0_ym19_1_1487331759490_6251\" style=\"font-family: Calibri,serif;\"><span id=\"yui_3_16_0_ym19_1_1487331759490_6250\" style=\"font-size: medium;\"><span id=\"yui_3_16_0_ym19_1_1487331759490_6249\"><span id=\"yui_3_16_0_ym19_1_1487331759490_6248\">Se espera que para la pr\u00f3xima entrega de m\u00f3viles a la Unidad Regional III se destine una camioneta S10 0Km con todo el equipamiento <\/span><\/span><\/span><\/span><\/span><\/span><span style=\"color: #000000;\"><span style=\"font-family: Calibri,serif;\"><span style=\"font-size: medium;\">para esta localidad<\/span><\/span><\/span><span style=\"color: #000000;\"><span style=\"font-family: Calibri,serif;\"><span style=\"font-size: medium;\">.<\/span><\/span><\/span><\/p>\n<p id=\"yui_3_16_0_ym19_1_1487331759490_6231\" align=\"left\"><span id=\"yui_3_16_0_ym19_1_1487331759490_6237\" style=\"color: #000000;\"><span id=\"yui_3_16_0_ym19_1_1487331759490_6236\"><span id=\"yui_3_16_0_ym19_1_1487331759490_6235\" style=\"font-family: Calibri,serif;\"><span id=\"yui_3_16_0_ym19_1_1487331759490_6234\" style=\"font-size: medium;\"><span id=\"yui_3_16_0_ym19_1_1487331759490_6233\"><span id=\"yui_3_16_0_ym19_1_1487331759490_6232\">Otro de los temas que se abordaron es la inminente incorporaci\u00f3n de Armstrong al sistema del 911. El mismo depender\u00e1 de la Central de Ca\u00f1ada de G\u00f3mez pronto a inaugurarse. Para la puesta en marcha se est\u00e1n ajustando algunos detalles con respecto al personal ya que la parte tecnol\u00f3gica y de sistema est\u00e1 a punto. \u201cUna vez en funcionamiento permitir\u00e1 poner en pr\u00e1ctica <\/span><\/span><\/span><\/span><\/span><\/span><span style=\"color: #000000;\"><span style=\"font-family: Calibri,serif;\"><span style=\"font-size: medium;\">el servicio<\/span><\/span><\/span> <span id=\"yui_3_16_0_ym19_1_1487331759490_6260\" style=\"color: #000000;\"><span id=\"yui_3_16_0_ym19_1_1487331759490_6259\"><span id=\"yui_3_16_0_ym19_1_1487331759490_6258\" style=\"font-family: Calibri,serif;\"><span id=\"yui_3_16_0_ym19_1_1487331759490_6257\" style=\"font-size: medium;\"><span id=\"yui_3_16_0_ym19_1_1487331759490_6256\"><span id=\"yui_3_16_0_ym19_1_1487331759490_6255\">para la ciudadan\u00eda en toda la zona<\/span><\/span><\/span><\/span><\/span><\/span><span style=\"color: #000000;\"><span style=\"font-family: Calibri,serif;\"><span style=\"font-size: medium;\"> y <\/span><\/span><\/span><span style=\"color: #000000;\"><span style=\"font-family: Calibri,serif;\"><span style=\"font-size: medium;\">adem\u00e1s <\/span><\/span><\/span><span style=\"color: #000000;\"><span style=\"font-family: Calibri,serif;\"><span style=\"font-size: medium;\">realizar <\/span><\/span><\/span><span id=\"yui_3_16_0_ym19_1_1487331759490_6230\" style=\"color: #000000;\"><span id=\"yui_3_16_0_ym19_1_1487331759490_6229\"><span id=\"yui_3_16_0_ym19_1_1487331759490_6228\" style=\"font-family: Calibri,serif;\"><span id=\"yui_3_16_0_ym19_1_1487331759490_6227\" style=\"font-size: medium;\"><span id=\"yui_3_16_0_ym19_1_1487331759490_6226\"><span id=\"yui_3_16_0_ym19_1_1487331759490_6225\">el control y monitoreo de los m\u00f3viles y el personal policial\u201d adelantaron los asistentes a la reuni\u00f3n.<\/span><\/span><\/span><\/span><\/span><\/span><\/p>\n<p><br clear=\"all\" \/><\/p>\n","protected":false},"excerpt":{"rendered":"<p>Este Mi\u00e9rcoles el Ministro de Seguridad Maximiliano Pullaro recibi\u00f3 al intendente de Armstrong, Pablo Verdecchia y al Presidente del Concejo de la misma localidad Adri\u00e1n Marozzi. En la oportunidad los funcionarios dialogaron acerca de la incorporaci\u00f3n de una nueva camioneta para cumplir servicios policiales de prevenci\u00f3n y patrullaje en la ciudad. Se espera que para <a href=\"https:\/\/armstrongyregion.com.ar\/diario\/pullaro-se-reunio-con-verdecchia-y-marozzi\/\" title=\"Read more\" >&#8230;<\/a><\/p>\n","protected":false},"author":1,"featured_media":11718,"comment_status":"open","ping_status":"open","sticky":false,"template":"","format":"standard","meta":{"_jetpack_memberships_contains_paid_content":false,"footnotes":"","jetpack_publicize_message":"","jetpack_publicize_feature_enabled":true,"jetpack_social_post_already_shared":false,"jetpack_social_options":{"image_generator_settings":{"template":"highway","default_image_id":0,"enabled":false},"version":2}},"categories":[9,8,1,2,2852,7,3],"tags":[1577,2846,205],"class_list":["post-11717","post","type-post","status-publish","format-standard","has-post-thumbnail","hentry","category-contacto","category-deliberando","category-diario-armstrong","category-locales","category-policiales","category-politica","category-region","tag-marozzi","tag-pullaro","tag-verdecchia"],"jetpack_publicize_connections":[],"jetpack_featured_media_url":"https:\/\/armstrongyregion.com.ar\/diario\/wp-content\/uploads\/2017\/02\/Pullaro_Verdecchia_Marozzi.jpg","jetpack_shortlink":"https:\/\/wp.me\/p62QDO-32Z","jetpack_sharing_enabled":true,"amp_enabled":true,"_links":{"self":[{"href":"https:\/\/armstrongyregion.com.ar\/diario\/wp-json\/wp\/v2\/posts\/11717","targetHints":{"allow":["GET"]}}],"collection":[{"href":"https:\/\/armstrongyregion.com.ar\/diario\/wp-json\/wp\/v2\/posts"}],"about":[{"href":"https:\/\/armstrongyregion.com.ar\/diario\/wp-json\/wp\/v2\/types\/post"}],"author":[{"embeddable":true,"href":"https:\/\/armstrongyregion.com.ar\/diario\/wp-json\/wp\/v2\/users\/1"}],"replies":[{"embeddable":true,"href":"https:\/\/armstrongyregion.com.ar\/diario\/wp-json\/wp\/v2\/comments?post=11717"}],"version-history":[{"count":0,"href":"https:\/\/armstrongyregion.com.ar\/diario\/wp-json\/wp\/v2\/posts\/11717\/revisions"}],"wp:featuredmedia":[{"embeddable":true,"href":"https:\/\/armstrongyregion.com.ar\/diario\/wp-json\/wp\/v2\/media\/11718"}],"wp:attachment":[{"href":"https:\/\/armstrongyregion.com.ar\/diario\/wp-json\/wp\/v2\/media?parent=11717"}],"wp:term":[{"taxonomy":"category","embeddable":true,"href":"https:\/\/armstrongyregion.com.ar\/diario\/wp-json\/wp\/v2\/categories?post=11717"},{"taxonomy":"post_tag","embeddable":true,"href":"https:\/\/armstrongyregion.com.ar\/diario\/wp-json\/wp\/v2\/tags?post=11717"}],"curies":[{"name":"wp","href":"https:\/\/api.w.org\/{rel}","templated":true}]}}