{"id":11706,"date":"2017-02-16T12:56:00","date_gmt":"2017-02-16T12:56:00","guid":{"rendered":"https:\/\/armstrongyregion.com.ar\/diario\/?p=11706"},"modified":"2017-02-16T12:56:00","modified_gmt":"2017-02-16T12:56:00","slug":"canada-de-gomez-19-denuncias-en-el-buzon-de-la-vida-2","status":"publish","type":"post","link":"https:\/\/armstrongyregion.com.ar\/diario\/canada-de-gomez-19-denuncias-en-el-buzon-de-la-vida-2\/","title":{"rendered":"Ca\u00f1ada de G\u00f3mez: 19 Denuncias en el Buz\u00f3n de la Vida"},"content":{"rendered":"<p><span id=\"yui_3_16_0_ym19_1_1487246524585_9944\" style=\"font-size: small;\"><span id=\"yui_3_16_0_ym19_1_1487246524585_9943\"><a href=\"http:\/\/armstrongyregion.com.ar\/diario\/wp-content\/uploads\/2017\/02\/MG_9503.jpg\"><img loading=\"lazy\" decoding=\"async\" class=\"alignnone size-medium wp-image-11709\" src=\"http:\/\/armstrongyregion.com.ar\/diario\/wp-content\/uploads\/2017\/02\/MG_9503-300x200.jpg\" alt=\"_MG_9503\" width=\"300\" height=\"200\" srcset=\"https:\/\/armstrongyregion.com.ar\/diario\/wp-content\/uploads\/2017\/02\/MG_9503-300x200.jpg 300w, https:\/\/armstrongyregion.com.ar\/diario\/wp-content\/uploads\/2017\/02\/MG_9503-1024x683.jpg 1024w, https:\/\/armstrongyregion.com.ar\/diario\/wp-content\/uploads\/2017\/02\/MG_9503.jpg 1152w\" sizes=\"auto, (max-width: 300px) 100vw, 300px\" \/><\/a><br \/>\nEl coordinador de Seguridad Lu\u00eds Leiva junto a representantes de<br \/>\nvecinales e instituciones, realiz\u00f3 una nueva apertura de esta<br \/>\nherramienta ubicada en el Cuartel del Bomberos Voluntarios.<\/p>\n<p>En la ma\u00f1ana del pasado mi\u00e9rcoles se realiz\u00f3 una nueva apertura del<br \/>\nBuz\u00f3n de la Vida en las instalaciones del Cuartel de Bomberos. El acto<br \/>\nfue encabezado el coordinador de Seguridad Ciudadana Lu\u00eds Leiva y el<br \/>\nconcejal Marcelo Casalegno.<br \/>\nAnte la participaci\u00f3n de representantes de instituciones y vecinales se<br \/>\nencontraron 19 denuncias que fueron remitidas a la Justicia Federal.<\/p>\n<p>&#8212;<br \/>\nArea de Comunicaci\u00f3n Social<br \/>\nMunicipalidad de Ca\u00f1ada de G\u00f3mez<br \/>\n<\/span><\/span><\/p>\n","protected":false},"excerpt":{"rendered":"<p>El coordinador de Seguridad Lu\u00eds Leiva junto a representantes de vecinales e instituciones, realiz\u00f3 una nueva apertura de esta herramienta ubicada en el Cuartel del Bomberos Voluntarios. En la ma\u00f1ana del pasado mi\u00e9rcoles se realiz\u00f3 una nueva apertura del Buz\u00f3n de la Vida en las instalaciones del Cuartel de Bomberos. El acto fue encabezado el <a href=\"https:\/\/armstrongyregion.com.ar\/diario\/canada-de-gomez-19-denuncias-en-el-buzon-de-la-vida-2\/\" title=\"Read more\" >&#8230;<\/a><\/p>\n","protected":false},"author":1,"featured_media":11708,"comment_status":"open","ping_status":"open","sticky":false,"template":"","format":"standard","meta":{"_jetpack_memberships_contains_paid_content":false,"footnotes":"","jetpack_publicize_message":"","jetpack_publicize_feature_enabled":true,"jetpack_social_post_already_shared":false,"jetpack_social_options":{"image_generator_settings":{"template":"highway","default_image_id":0,"enabled":false},"version":2}},"categories":[9,1,3],"tags":[5032,420,454],"class_list":["post-11706","post","type-post","status-publish","format-standard","has-post-thumbnail","hentry","category-contacto","category-diario-armstrong","category-region","tag-buzon-de-la-vida","tag-canada-de-gomez","tag-denuncias"],"jetpack_publicize_connections":[],"jetpack_featured_media_url":"https:\/\/armstrongyregion.com.ar\/diario\/wp-content\/uploads\/2017\/02\/MG_9502.jpg","jetpack_shortlink":"https:\/\/wp.me\/p62QDO-32O","jetpack_sharing_enabled":true,"amp_enabled":true,"_links":{"self":[{"href":"https:\/\/armstrongyregion.com.ar\/diario\/wp-json\/wp\/v2\/posts\/11706","targetHints":{"allow":["GET"]}}],"collection":[{"href":"https:\/\/armstrongyregion.com.ar\/diario\/wp-json\/wp\/v2\/posts"}],"about":[{"href":"https:\/\/armstrongyregion.com.ar\/diario\/wp-json\/wp\/v2\/types\/post"}],"author":[{"embeddable":true,"href":"https:\/\/armstrongyregion.com.ar\/diario\/wp-json\/wp\/v2\/users\/1"}],"replies":[{"embeddable":true,"href":"https:\/\/armstrongyregion.com.ar\/diario\/wp-json\/wp\/v2\/comments?post=11706"}],"version-history":[{"count":0,"href":"https:\/\/armstrongyregion.com.ar\/diario\/wp-json\/wp\/v2\/posts\/11706\/revisions"}],"wp:featuredmedia":[{"embeddable":true,"href":"https:\/\/armstrongyregion.com.ar\/diario\/wp-json\/wp\/v2\/media\/11708"}],"wp:attachment":[{"href":"https:\/\/armstrongyregion.com.ar\/diario\/wp-json\/wp\/v2\/media?parent=11706"}],"wp:term":[{"taxonomy":"category","embeddable":true,"href":"https:\/\/armstrongyregion.com.ar\/diario\/wp-json\/wp\/v2\/categories?post=11706"},{"taxonomy":"post_tag","embeddable":true,"href":"https:\/\/armstrongyregion.com.ar\/diario\/wp-json\/wp\/v2\/tags?post=11706"}],"curies":[{"name":"wp","href":"https:\/\/api.w.org\/{rel}","templated":true}]}}