{"id":11696,"date":"2017-02-15T19:52:12","date_gmt":"2017-02-15T19:52:12","guid":{"rendered":"https:\/\/armstrongyregion.com.ar\/diario\/?p=11696"},"modified":"2017-02-15T21:31:15","modified_gmt":"2017-02-15T21:31:15","slug":"reconocimiento-a-bomberos-voluntarios-de-la-provincia","status":"publish","type":"post","link":"https:\/\/armstrongyregion.com.ar\/diario\/reconocimiento-a-bomberos-voluntarios-de-la-provincia\/","title":{"rendered":"Solis. \u00abSu labor honra a Santa Fe\u00bb"},"content":{"rendered":"<p><img loading=\"lazy\" decoding=\"async\" class=\"alignnone size-large wp-image-11697\" src=\"http:\/\/armstrongyregion.com.ar\/diario\/wp-content\/uploads\/2017\/02\/bomberos-regreso-a-argentina-armstrong-region-1024x497.jpg\" alt=\"bomberos-regreso-a-argentina-armstrong-region\" width=\"800\" height=\"388\" srcset=\"https:\/\/armstrongyregion.com.ar\/diario\/wp-content\/uploads\/2017\/02\/bomberos-regreso-a-argentina-armstrong-region-1024x497.jpg 1024w, https:\/\/armstrongyregion.com.ar\/diario\/wp-content\/uploads\/2017\/02\/bomberos-regreso-a-argentina-armstrong-region-300x146.jpg 300w, https:\/\/armstrongyregion.com.ar\/diario\/wp-content\/uploads\/2017\/02\/bomberos-regreso-a-argentina-armstrong-region.jpg 1200w\" sizes=\"auto, (max-width: 800px) 100vw, 800px\" \/><\/p>\n<p>\u201cSu Labor Honra a Santa Fe\u201d<\/p>\n<p>El Diputado socialista Miguel Solis junto a sus pares de bancada, Ruben Galassi y Oscar Pieroni, adhirieron a la presentaci\u00f3n del diputado Omar Martinez(PS-FPCyS) en la Legislatura de un proyecto a trav\u00e9s del cual la C\u00e1mara de Diputados de Santa Fe reconocer\u00e1 a los 20 Bomberos Voluntarios de distintos puntos de la Provincia que colaboraron en la extinci\u00f3n de los incendios ocurridos en la vecina Rep\u00fablica de Chile.<\/p>\n<p>Santa Fe cuenta con un grupo de 40 brigadistas especializados en combate del fuego forestal. Desde el 28 de enero al 4 de febrero, 20 de ellos acudieron al vecino pa\u00eds para colaborar con la extinci\u00f3n de las llamas.<\/p>\n<p>\u00abSu labor honra a Santa Fe y al pa\u00eds. Desde hace a\u00f1os el gobierno provincial viene fortaleciendo y acompa\u00f1ando a las federaciones provinciales con entrenamiento, capacitaci\u00f3n e incorporaci\u00f3n de equipamientos. Los resultados est\u00e1n a la vista\u00bb dijo Solis.<\/p>\n<p>Los Bomberos Reconocidos y sus asociaciones son:<br \/>\nGuillermo Brignoni y Emanuel Bitti (Las Parejas); Fernando Iztueta (El Tr\u00e9bol); Fabi\u00e1n Guerra(Carcara\u00f1a); Roberto Sanchez y Jos\u00e9 Girolami (Ceres); Iv\u00e1n D\u00b4antoni, Gabriel Leguizam\u00f3n y Claudio Canavese (Sunchales); Nerina Luquez y Pablo Maisa (Franck); Hugo Ferreyra (Esperanza); Germ\u00e1n Gutscher, Jorge D\u00edaz y Marcelo Barca (Las Flores); Ricardo Salda\u00f1o (San Carlos Centro) Mat\u00edas Bordoli (Venado Tuerto); Ezequiel Mart\u00ednez (J.B. Molina); Jorge G\u00f3mez (Santa Rosa de Calchines) y Francisco D\u00edaz (Protecci\u00f3n Civil).<\/p>\n<p>Lifschitz Reconocio a Los Brigadistas<\/p>\n<p>En la tarde del martes, el gobernador Miguel Lifschitz recibi\u00f3 en Casa de Gobierno a los 20 Bomberos Voluntarios santafesinos que viajaron a Chile y realizo un reconocimiento a su labor y profesionalismo.<\/p>\n<p>El gobernador expresaba: \u201cEstas medallas son un simple testimonio del reconocimiento de todos los santafesino y del gobierno de Santa Fe por un esfuerzo y compromiso que nos hace bien a todos y nos muestra que cuando somos capaces de dar m\u00e1s de lo que recibimos estamos contribuyendo a hacer una sociedad mejor\u00bb.<\/p>\n","protected":false},"excerpt":{"rendered":"<p>\u201cSu Labor Honra a Santa Fe\u201d El Diputado socialista Miguel Solis junto a sus pares de bancada, Ruben Galassi y Oscar Pieroni, adhirieron a la presentaci\u00f3n del diputado Omar Martinez(PS-FPCyS) en la Legislatura de un proyecto a trav\u00e9s del cual la C\u00e1mara de Diputados de Santa Fe reconocer\u00e1 a los 20 Bomberos Voluntarios de distintos <a href=\"https:\/\/armstrongyregion.com.ar\/diario\/reconocimiento-a-bomberos-voluntarios-de-la-provincia\/\" title=\"Read more\" >&#8230;<\/a><\/p>\n","protected":false},"author":2,"featured_media":11697,"comment_status":"open","ping_status":"open","sticky":false,"template":"","format":"standard","meta":{"_jetpack_memberships_contains_paid_content":false,"footnotes":"","jetpack_publicize_message":"","jetpack_publicize_feature_enabled":true,"jetpack_social_post_already_shared":false,"jetpack_social_options":{"image_generator_settings":{"template":"highway","default_image_id":0,"enabled":false},"version":2}},"categories":[1,3],"tags":[5016,5029,5030,5028],"class_list":["post-11696","post","type-post","status-publish","format-standard","has-post-thumbnail","hentry","category-diario-armstrong","category-region","tag-armstrong-y-region","tag-bomberos-voluntarios-de-la-provincia","tag-diario-armstrong","tag-reconocimiento-a-bomberos"],"jetpack_publicize_connections":[],"jetpack_featured_media_url":"https:\/\/armstrongyregion.com.ar\/diario\/wp-content\/uploads\/2017\/02\/bomberos-regreso-a-argentina-armstrong-region.jpg","jetpack_shortlink":"https:\/\/wp.me\/p62QDO-32E","jetpack_sharing_enabled":true,"amp_enabled":true,"_links":{"self":[{"href":"https:\/\/armstrongyregion.com.ar\/diario\/wp-json\/wp\/v2\/posts\/11696","targetHints":{"allow":["GET"]}}],"collection":[{"href":"https:\/\/armstrongyregion.com.ar\/diario\/wp-json\/wp\/v2\/posts"}],"about":[{"href":"https:\/\/armstrongyregion.com.ar\/diario\/wp-json\/wp\/v2\/types\/post"}],"author":[{"embeddable":true,"href":"https:\/\/armstrongyregion.com.ar\/diario\/wp-json\/wp\/v2\/users\/2"}],"replies":[{"embeddable":true,"href":"https:\/\/armstrongyregion.com.ar\/diario\/wp-json\/wp\/v2\/comments?post=11696"}],"version-history":[{"count":0,"href":"https:\/\/armstrongyregion.com.ar\/diario\/wp-json\/wp\/v2\/posts\/11696\/revisions"}],"wp:featuredmedia":[{"embeddable":true,"href":"https:\/\/armstrongyregion.com.ar\/diario\/wp-json\/wp\/v2\/media\/11697"}],"wp:attachment":[{"href":"https:\/\/armstrongyregion.com.ar\/diario\/wp-json\/wp\/v2\/media?parent=11696"}],"wp:term":[{"taxonomy":"category","embeddable":true,"href":"https:\/\/armstrongyregion.com.ar\/diario\/wp-json\/wp\/v2\/categories?post=11696"},{"taxonomy":"post_tag","embeddable":true,"href":"https:\/\/armstrongyregion.com.ar\/diario\/wp-json\/wp\/v2\/tags?post=11696"}],"curies":[{"name":"wp","href":"https:\/\/api.w.org\/{rel}","templated":true}]}}