{"id":11693,"date":"2017-02-15T15:35:22","date_gmt":"2017-02-15T15:35:22","guid":{"rendered":"https:\/\/armstrongyregion.com.ar\/diario\/?p=11693"},"modified":"2017-02-15T15:35:22","modified_gmt":"2017-02-15T15:35:22","slug":"canada-de-gomez-clerici-obtuvo-fondos-de-la-provincia-que-destinara-conservacion-de-calles","status":"publish","type":"post","link":"https:\/\/armstrongyregion.com.ar\/diario\/canada-de-gomez-clerici-obtuvo-fondos-de-la-provincia-que-destinara-conservacion-de-calles\/","title":{"rendered":"Ca\u00f1ada de G\u00f3mez: Cl\u00e9rici obtuvo fondos de la Provincia que destinar\u00e1  conservaci\u00f3n de calles."},"content":{"rendered":"<p>En el marco de un acto en Perez, la intendenta mantuvo esta ma\u00f1ana un encuentro con el gobernador Miguel Lifschitz, quien destac\u00f3 el trabajo conjunto con los municipios y garantiz\u00f3 su presencia en Las Tres Lunas.<\/p>\n<p>Ca\u00f1ada de G\u00f3mez obtuvo fondos de Provincia que destinar\u00e1 a su plan permanente de conservaci\u00f3n de calles y bacheo, seg\u00fan inform\u00f3 la intendenta Stella Cl\u00e9rici, quien particip\u00f3 del acto encabezado por Miguel Lifschitz en la ciudad de Perez. En este contexto, ambos mandatarios mantuvieron un encuentro, donde el gobernador remarc\u00f3 una vez m\u00e1s el trabajo mancomunado con los municipios.<\/p>\n<p>Cabe se\u00f1alar que los fondos recibidos por el municipio son aportes del tesoro nacional gestionados por el estado provincial. \u201cEs un impulso m\u00e1s para continuar adelante con m\u00e1s obras de mantenimiento de nuestras calles, pero sobre todo una nueva oportunidad de encuentro para renovar el trabajo de gesti\u00f3n conjunta por nuestra gente\u201d, expres\u00f3 Cl\u00e9rici.<\/p>\n<p>En otro orden de cosas, el gobernador de Santa Fe garantiz\u00f3 a la intendenta su presencia en el Festival Las Tres Lunas para la jornada de cierre.<\/p>\n<p>Area de Comunicaci\u00f3n Social<br \/>\nMunicipalidad de Ca\u00f1ada de G\u00f3mez<\/p>\n","protected":false},"excerpt":{"rendered":"<p>En el marco de un acto en Perez, la intendenta mantuvo esta ma\u00f1ana un encuentro con el gobernador Miguel Lifschitz, quien destac\u00f3 el trabajo conjunto con los municipios y garantiz\u00f3 su presencia en Las Tres Lunas. Ca\u00f1ada de G\u00f3mez obtuvo fondos de Provincia que destinar\u00e1 a su plan permanente de conservaci\u00f3n de calles y bacheo, <a href=\"https:\/\/armstrongyregion.com.ar\/diario\/canada-de-gomez-clerici-obtuvo-fondos-de-la-provincia-que-destinara-conservacion-de-calles\/\" title=\"Read more\" >&#8230;<\/a><\/p>\n","protected":false},"author":1,"featured_media":11694,"comment_status":"open","ping_status":"open","sticky":false,"template":"","format":"standard","meta":{"_jetpack_memberships_contains_paid_content":false,"footnotes":"","jetpack_publicize_message":"","jetpack_publicize_feature_enabled":true,"jetpack_social_post_already_shared":false,"jetpack_social_options":{"image_generator_settings":{"template":"highway","default_image_id":0,"enabled":false},"version":2}},"categories":[1,7,3],"tags":[1985,83,3398,3950],"class_list":["post-11693","post","type-post","status-publish","format-standard","has-post-thumbnail","hentry","category-diario-armstrong","category-politica","category-region","tag-calles","tag-clerici","tag-conservacion","tag-fondos"],"jetpack_publicize_connections":[],"jetpack_featured_media_url":"https:\/\/armstrongyregion.com.ar\/diario\/wp-content\/uploads\/2017\/02\/IMG_9637.jpg","jetpack_shortlink":"https:\/\/wp.me\/p62QDO-32B","jetpack_sharing_enabled":true,"amp_enabled":true,"_links":{"self":[{"href":"https:\/\/armstrongyregion.com.ar\/diario\/wp-json\/wp\/v2\/posts\/11693","targetHints":{"allow":["GET"]}}],"collection":[{"href":"https:\/\/armstrongyregion.com.ar\/diario\/wp-json\/wp\/v2\/posts"}],"about":[{"href":"https:\/\/armstrongyregion.com.ar\/diario\/wp-json\/wp\/v2\/types\/post"}],"author":[{"embeddable":true,"href":"https:\/\/armstrongyregion.com.ar\/diario\/wp-json\/wp\/v2\/users\/1"}],"replies":[{"embeddable":true,"href":"https:\/\/armstrongyregion.com.ar\/diario\/wp-json\/wp\/v2\/comments?post=11693"}],"version-history":[{"count":0,"href":"https:\/\/armstrongyregion.com.ar\/diario\/wp-json\/wp\/v2\/posts\/11693\/revisions"}],"wp:featuredmedia":[{"embeddable":true,"href":"https:\/\/armstrongyregion.com.ar\/diario\/wp-json\/wp\/v2\/media\/11694"}],"wp:attachment":[{"href":"https:\/\/armstrongyregion.com.ar\/diario\/wp-json\/wp\/v2\/media?parent=11693"}],"wp:term":[{"taxonomy":"category","embeddable":true,"href":"https:\/\/armstrongyregion.com.ar\/diario\/wp-json\/wp\/v2\/categories?post=11693"},{"taxonomy":"post_tag","embeddable":true,"href":"https:\/\/armstrongyregion.com.ar\/diario\/wp-json\/wp\/v2\/tags?post=11693"}],"curies":[{"name":"wp","href":"https:\/\/api.w.org\/{rel}","templated":true}]}}