{"id":11690,"date":"2017-02-14T20:51:27","date_gmt":"2017-02-14T20:51:27","guid":{"rendered":"https:\/\/armstrongyregion.com.ar\/diario\/?p=11690"},"modified":"2017-02-14T20:51:27","modified_gmt":"2017-02-14T20:51:27","slug":"ratifican-la-falta-de-merito-para-el-unico-imputado-en-la-causa","status":"publish","type":"post","link":"https:\/\/armstrongyregion.com.ar\/diario\/ratifican-la-falta-de-merito-para-el-unico-imputado-en-la-causa\/","title":{"rendered":"Ratifican la falta de m\u00e9rito para el \u00fanico imputado en la Causa"},"content":{"rendered":"<p><img loading=\"lazy\" decoding=\"async\" class=\"alignnone wp-image-11691 size-medium\" src=\"http:\/\/armstrongyregion.com.ar\/diario\/wp-content\/uploads\/2017\/02\/Tribunales-300x225.jpg\" alt=\"Tribunales - Diario Armstrong\" width=\"300\" height=\"225\" srcset=\"https:\/\/armstrongyregion.com.ar\/diario\/wp-content\/uploads\/2017\/02\/Tribunales-300x225.jpg 300w, https:\/\/armstrongyregion.com.ar\/diario\/wp-content\/uploads\/2017\/02\/Tribunales.jpg 800w\" sizes=\"auto, (max-width: 300px) 100vw, 300px\" \/><\/p>\n<p>Asesinato de Gerardo Torresi, as\u00ed lo resolvi\u00f3 el Juez en lo Penal Jes\u00fas Alberto Rizzardi. Si bien se han realizado esfuerzos denodados en aportar y traer material probatorio novedoso, de ninguna manera esto modifica lo dictado en la primigenia resoluci\u00f3n de falta de m\u00e9rito debi\u00e9ndose ratificar por ende el estado de duda destac\u00f3 el magistrado en los considerandos.<\/p>\n<p>El Juez en lo Penal de Instrucci\u00f3n del Distrito Judicial N\u00b0 6 Jes\u00fas Alberto Rizzardi resolvi\u00f3 ratificar la falta de m\u00e9rito sobre el \u00fanico imputado por la presunta comisi\u00f3n del delito de homicidio simple (confirmando incluso su estado de libertad) en el marco de la causa judicial que investiga el asesinato de Gerardo Torresi.<br \/>\nEl magistrado consider\u00f3 que los dichos aportados por uno de los testigos en su declaraci\u00f3n testimonial de manera alguna modifican el plexo probatorio al cual se arrib\u00f3 en la primera falta de m\u00e9rito dictada pues no se ha podido acreditar ni la presencia del imputado en el lugar del hecho al momento que ocurriera \u00e9ste como as\u00ed tambi\u00e9n que \u00e9ste hubiera pagado una suma dineraria para lograr su impunidad. Solo se ha podido verificar el dato aportado en cuanto a la modificaci\u00f3n de la cadena de custodia respecto a la chata gris que esa noche fuera utilizada por Gerardo Torresi.<br \/>\nEl magistrado incluso analiza la verosimilitud del discurso aportado por uno de los testigos habida cuenta que tales datos devienen de la versi\u00f3n que un tercero le aporta y que \u00e9ste no identifica ni nominalmente ni geogr\u00e1ficamente, el lugar donde eventualmente pudiera residir, solo indica que trabajaba para su familia en tareas de campo. Por ello dice Rizzardi hay falta de correspondencia entre los hechos probados y el aporte de esta persona que deviene de un testigo an\u00f3nimo.<br \/>\nTambi\u00e9n el juez Rizzardi entiende que el perfil psicol\u00f3gico que se le hizo al imputado opera como un dato revelador de un pron\u00f3stico de conducta que se torna indicativa ante la posible factibilidad de autor\u00eda por parte del imputado. Pero estos datos probatorios aportados por la Junta Psicol\u00f3gica no encuentran anclaje en prueba material que sea determinante e indicativa y que probabilice que el imputado sea el autor o part\u00edcipe del homicidio.<br \/>\nSobre el final de los considerandos, a los cuales tuvo acceso en exclusiva El Informe, el Juez en lo Penal de Instrucci\u00f3n del Distrito Judicial 6 Jes\u00fas Alberto Rizzardi manifiesta que a manera de corolario es menester indicar que si bien se han realizado esfuerzos denodados en aportar y traer material probatorio novedoso, de manera alguna esto modifica lo dictado en la primigenia resoluci\u00f3n de falta de m\u00e9rito debi\u00e9ndose ratificar por ende el estado de duda y por ende disponer nuevamente la falta de m\u00e9rito sobre el \u00fanico imputado.<br \/>\nVale recordar que la Fiscal Gabriela Lescano hab\u00eda solicitado el procesamiento y prisi\u00f3n preventiva del imputado acompa\u00f1ando profundizaci\u00f3n del informe pericial practicado por el equipo de psic\u00f3logas designado de la Secci\u00f3n de Psicolog\u00eda del Departamento Cient\u00edfico Forense de la Polic\u00eda de Investigaciones de Rosario, adem\u00e1s de otras declaraciones testimoniales. Y del resultado de todo ello, la Dra. Lescano aport\u00f3 conclusiones propias que responsabilizaban al imputado.<br \/>\nTambi\u00e9n la Fiscal Lescano hab\u00eda pedido el procesamiento de tres polic\u00edas de la Unidad Regional X (los tres a\u00fan se encuentran en actividad en esta dependencia), adem\u00e1s de un civil con parentesco con uno de ellos, por la comisi\u00f3n de varios il\u00edcitos, entre ellos, violaci\u00f3n de sellos y documentos, cohecho, tr\u00e1fico de influencias, abuso de autoridad, violaci\u00f3n de los deberes de funcionario p\u00fablico y encubrimiento agravado. Actualmente esto se encuentra en la C\u00e1mara de Apelaciones para que se defina si los delitos prescribieron o no y reci\u00e9n ah\u00ed el juez Jes\u00fas Alberto Rizzardi resolver\u00e1 la situaci\u00f3n procesal de los mismos.<br \/>\nSi bien la causa ya lleva m\u00e1s de una d\u00e9cada en su investigaci\u00f3n la familia de la v\u00edctima contin\u00faa buscando respuestas y virtud de ello se hab\u00eda constitu\u00eddo como querellante intentando descubrir la verdad de los acontecimientos agotando todas las herramientas posibles. Muy probablemente apelen esta nueva falta de m\u00e9rito que se ha dictado para evitar que el homicidio quede impune.<\/p>\n<p>BREVE RESE\u00d1A<br \/>\nLa causa por el crimen de Gerardo Torresi estuvo a punto de prescribir. Antes de que se cumplieran doce a\u00f1os del homicidio, el Juez Rizzardi resolvi\u00f3 imputar a esta persona y luego le tom\u00f3 declaraci\u00f3n indagatoria. Sin embargo le dict\u00f3 luego la falta de m\u00e9rito en noviembre de 2015. El caso hab\u00eda tomado impulso a ra\u00edz de que una hermana de Torresi recibi\u00f3 en junio de 2013 una carta an\u00f3nima en su domicilio y a partir de ah\u00ed empez\u00f3 a investigar la Direcci\u00f3n de Asuntos Internos de la Polic\u00eda de Santa Fe. Vale recordar que Gerardo Torresi ten\u00eda 39 a\u00f1os, era soltero y trabajaba en una contratista rural. Fue encontrado muerto en ese galp\u00f3n perteneciente a la empresa para la que trabajaba.<\/p>\n<p>Destacado: Recuadro sin fondo<\/p>\n<p>FUENTE: PERIODICO EL INFORME DE LA CIUDAD (CA\u00d1ADA DE GOMEZ)<\/p>\n","protected":false},"excerpt":{"rendered":"<p>Asesinato de Gerardo Torresi, as\u00ed lo resolvi\u00f3 el Juez en lo Penal Jes\u00fas Alberto Rizzardi. Si bien se han realizado esfuerzos denodados en aportar y traer material probatorio novedoso, de ninguna manera esto modifica lo dictado en la primigenia resoluci\u00f3n de falta de m\u00e9rito debi\u00e9ndose ratificar por ende el estado de duda destac\u00f3 el magistrado <a href=\"https:\/\/armstrongyregion.com.ar\/diario\/ratifican-la-falta-de-merito-para-el-unico-imputado-en-la-causa\/\" title=\"Read more\" >&#8230;<\/a><\/p>\n","protected":false},"author":2,"featured_media":11691,"comment_status":"open","ping_status":"open","sticky":false,"template":"","format":"standard","meta":{"_jetpack_memberships_contains_paid_content":false,"footnotes":"","jetpack_publicize_message":"","jetpack_publicize_feature_enabled":true,"jetpack_social_post_already_shared":false,"jetpack_social_options":{"image_generator_settings":{"template":"highway","default_image_id":0,"enabled":false},"version":2}},"categories":[1],"tags":[5016,5027],"class_list":["post-11690","post","type-post","status-publish","format-standard","has-post-thumbnail","hentry","category-diario-armstrong","tag-armstrong-y-region","tag-ratifican-la-falta-de-merito-para-el-unico-imputado-en-la-causa"],"jetpack_publicize_connections":[],"jetpack_featured_media_url":"https:\/\/armstrongyregion.com.ar\/diario\/wp-content\/uploads\/2017\/02\/Tribunales.jpg","jetpack_shortlink":"https:\/\/wp.me\/p62QDO-32y","jetpack_sharing_enabled":true,"amp_enabled":true,"_links":{"self":[{"href":"https:\/\/armstrongyregion.com.ar\/diario\/wp-json\/wp\/v2\/posts\/11690","targetHints":{"allow":["GET"]}}],"collection":[{"href":"https:\/\/armstrongyregion.com.ar\/diario\/wp-json\/wp\/v2\/posts"}],"about":[{"href":"https:\/\/armstrongyregion.com.ar\/diario\/wp-json\/wp\/v2\/types\/post"}],"author":[{"embeddable":true,"href":"https:\/\/armstrongyregion.com.ar\/diario\/wp-json\/wp\/v2\/users\/2"}],"replies":[{"embeddable":true,"href":"https:\/\/armstrongyregion.com.ar\/diario\/wp-json\/wp\/v2\/comments?post=11690"}],"version-history":[{"count":0,"href":"https:\/\/armstrongyregion.com.ar\/diario\/wp-json\/wp\/v2\/posts\/11690\/revisions"}],"wp:featuredmedia":[{"embeddable":true,"href":"https:\/\/armstrongyregion.com.ar\/diario\/wp-json\/wp\/v2\/media\/11691"}],"wp:attachment":[{"href":"https:\/\/armstrongyregion.com.ar\/diario\/wp-json\/wp\/v2\/media?parent=11690"}],"wp:term":[{"taxonomy":"category","embeddable":true,"href":"https:\/\/armstrongyregion.com.ar\/diario\/wp-json\/wp\/v2\/categories?post=11690"},{"taxonomy":"post_tag","embeddable":true,"href":"https:\/\/armstrongyregion.com.ar\/diario\/wp-json\/wp\/v2\/tags?post=11690"}],"curies":[{"name":"wp","href":"https:\/\/api.w.org\/{rel}","templated":true}]}}