{"id":11678,"date":"2017-02-14T03:22:37","date_gmt":"2017-02-14T03:22:37","guid":{"rendered":"https:\/\/armstrongyregion.com.ar\/diario\/?p=11678"},"modified":"2017-02-14T03:22:37","modified_gmt":"2017-02-14T03:22:37","slug":"lifschitz-y-bullrich-evaluaron-el-desempeno-de-las-fuerzas-de-seguridad-y-firmaron-convenio-para-compactar-vehiculos-en-desuso","status":"publish","type":"post","link":"https:\/\/armstrongyregion.com.ar\/diario\/lifschitz-y-bullrich-evaluaron-el-desempeno-de-las-fuerzas-de-seguridad-y-firmaron-convenio-para-compactar-vehiculos-en-desuso\/","title":{"rendered":"Lifschitz y Bullrich evaluaron el desempe\u00f1o de las fuerzas de seguridad y firmaron convenio para compactar veh\u00edculos en desuso"},"content":{"rendered":"<p><img loading=\"lazy\" decoding=\"async\" class=\"alignnone size-medium wp-image-11679\" src=\"http:\/\/armstrongyregion.com.ar\/diario\/wp-content\/uploads\/2017\/02\/WhatsApp-Image-2017-02-13-at-13.48.12-300x200.jpeg\" alt=\"Lifschitz y Bullrich - armstrong y region\" width=\"300\" height=\"200\" srcset=\"https:\/\/armstrongyregion.com.ar\/diario\/wp-content\/uploads\/2017\/02\/WhatsApp-Image-2017-02-13-at-13.48.12-300x200.jpeg 300w, https:\/\/armstrongyregion.com.ar\/diario\/wp-content\/uploads\/2017\/02\/WhatsApp-Image-2017-02-13-at-13.48.12-1024x682.jpeg 1024w, https:\/\/armstrongyregion.com.ar\/diario\/wp-content\/uploads\/2017\/02\/WhatsApp-Image-2017-02-13-at-13.48.12.jpeg 1600w\" sizes=\"auto, (max-width: 300px) 100vw, 300px\" \/><\/p>\n<p>\u201cLa situaci\u00f3n est\u00e1 mejor en la provincia\u201d, coincidieron al termino del encuentro del comit\u00e9 de planificaci\u00f3n. Luego rubricaron un acuerdo que permitir\u00e1 liberar las comisar\u00edas de autom\u00f3viles fuera de servicio<\/p>\n<p>El gobernador de Santa Fe, Miguel Lifschitz, y la ministra de Seguridad de la Naci\u00f3n, Patricia Bullrich, encabezaron este lunes en Rosario la primera reuni\u00f3n de evaluaci\u00f3n del a\u00f1o del desempe\u00f1o de las fuerzas federales en la provincia y, posteriormente, firmaron un convenio para la compactaci\u00f3n de veh\u00edculos de uso oficial que quedaron obsoletos, o que fueron secuestrados tras haber sido part\u00edcipes de alg\u00fan delito o porque se encuentran abandonados.<\/p>\n<p>El convenio de colaboraci\u00f3n fue firmado por Lifschitz, Bullrich y el ministro de Seguridad de Santa Fe, Maximiliano Pullaro, en el predio de avenida Francia al 5200 donde funciona el dep\u00f3sito judicial de veh\u00edculos.<\/p>\n<p>El acuerdo tiene como objetivo la destrucci\u00f3n y compactaci\u00f3n de los autom\u00f3viles y motocicletas alojados en las instalaciones provinciales que se encuentran fuera de servicio, dados de baja y son propiedad de la provincia de Santa Fe.<\/p>\n<p>\u201cEste convenio nos permite eliminar un n\u00famero importante de veh\u00edculos, alrededor de seis mil. En general autom\u00f3viles que fueron secuestrados en su momento por la Justicia, por las fuerzas de seguridad, o tambi\u00e9n veh\u00edculos de uso oficial que fueron quedando en desuso y que terminaron amonton\u00e1ndose en dep\u00f3sitos oficiales o frente a las comisar\u00edas en la v\u00eda p\u00fablica\u201d, explic\u00f3 Lifschitz.<\/p>\n<p>Bullrich se\u00f1al\u00f3 que se trata de \u201cun programa muy importante. Aqu\u00ed tenemos unos ocho mil autos y motos que ser\u00e1n destruidos, entre ellos los utilizados por la banda de Los Monos. Pero adem\u00e1s estamos generando un v\u00ednculo con los j\u00f3venes: el dinero que se recaude ser\u00e1 destinado a dos ONGs que trabajan para mejorar la calidad de vida de los chicos\u201d.<\/p>\n<p>El Estado Nacional proveer\u00e1 la empresa compactadora y una parte del dinero obtenido por ese material se destinar\u00e1 a entidades de bien p\u00fablico que disponga el ministerio de Seguridad provincial. En este primer convenio las entidades beneficiadas ser\u00e1n la Asociaci\u00f3n Civil de Prevenci\u00f3n del VIH\/Sida y Drogadicci\u00f3n de Rosario y el club social y deportivo Nueva Aurora, tambi\u00e9n de Rosario, y la empresa que adquiere la chatarra es la firma JIT S.A..<\/p>\n<p>La compactaci\u00f3n se enmarca en el \u201cPrograma Nacional de Descontaminaci\u00f3n Compactaci\u00f3n y Disposici\u00f3n final de Automotores\u201d (PRO.NA.COM) que tiene por objeto la coordinaci\u00f3n de la ejecuci\u00f3n de las etapas del proceso instituido por la Ley Nacional N\u00b0 26.348 y de las normas que en consecuencia se dicten.<\/p>\n<p>\u201cCon este convenio que llevamos adelante con la Naci\u00f3n, sumado al decreto del gobernador Lifschitz que permite la destrucci\u00f3n de autom\u00f3viles oficiales en desuso, vamos a poder avanzar con veh\u00edculos oficiales en primer t\u00e9rmino, pero el objetivo es avanzar con el resto de los veh\u00edculos que hay en la provincia de Santa Fe en las mismas condiciones, en los distintos dep\u00f3sitos judiciales totalmente colapsados. Esto nos va a permitir descongestionarlos\u201d, destac\u00f3 Pullaro, y agreg\u00f3: \u201cEl objetivo que tenemos en un mediano plazo, porque indudablemente no va a ser inmediato m\u00e1s all\u00e1 que ya comenzamos con el trabajo, es poder descongestionar las calles de las comisar\u00edas de la Provincia de Santa Fe\u201d.<\/p>\n<p>EVALUACION POSITIVA<\/p>\n<p>Previamente, Lifschitz y Bullrich encabezaron una reuni\u00f3n de evaluaci\u00f3n de los operativos conjuntos y de coordinaci\u00f3n entre fuerzas federales y provinciales. A su t\u00e9rmino, brindaron una conferencia de prensa en la sede de Gobernaci\u00f3n en Rosario, donde ambos coincidieron en evaluar positivamente el trabajo conjunto en materia de seguridad tras el acuerdo firmado en septiembre de 2016.<\/p>\n<p>\u201cLa evaluaci\u00f3n sobre el trabajo desarrollado estos meses fue positiva. Esto no es antojadizo ni caprichoso sino que tiene que ver con los datos objetivos sobre los \u00edndices del delito, del esclarecimiento de causas y con el avance de investigaciones exitosas sobre organizaciones complejas que operaban en la provincia, en muchos casos con vinculaciones con otros territorios del pa\u00eds, y por otro lado, tambi\u00e9n una evaluaci\u00f3n positiva sobre lo cualitativo, porque valoramos el trabajo conjunto, el intercambio de informaci\u00f3n, la investigaci\u00f3n criminal hecha de manera coordinada entre las fuerzas y la coordinaci\u00f3n con la justicia provincial y la federal\u201d, desatac\u00f3 Lifschitz, que estuvo acompa\u00f1ado en la rueda de prensa por su ministro de Seguridad, Maximiliano Pullaro.<\/p>\n<p>\u201cCreemos adem\u00e1s que tenemos que seguir perfeccionando este trabajo conjunto, plante\u00e1ndonos nuevos objetivos y tratando de eliminar aquellas situaciones que siguen siendo un obst\u00e1culo para avanzar m\u00e1s r\u00e1pido, pero fundamentalmente, sosteniendo esta idea que est\u00e1 en la base del convenio y del trabajo que estamos haciendo, y que es la convicci\u00f3n de que la seguridad, la lucha contra el narcotr\u00e1fico y la disminuci\u00f3n de los \u00edndices de inseguridad y violencia, es una responsabilidad compartida y un esfuerzo conjunto, y as\u00ed poder dejar al final de nuestro mandato una provincia m\u00e1s segura y un pa\u00eds m\u00e1s seguro\u201d, dijo tambi\u00e9n el gobernador santafesino.<\/p>\n<p>Bullrich -acompa\u00f1ada por el secretario de Seguridad nacional, Eugenio Burzaco, y el secretario de Seguridad interior, Gerardo Milman- destac\u00f3 el trabajo en conjunto, al tiempo que manifest\u00f3 que \u201cen Santa Fe los resultados est\u00e1n a la vista, aunque la gente a\u00fan no lo pueda ver, la situaci\u00f3n est\u00e1 mejor en la provincia\u201d.<\/p>\n<p>\u201cEstamos cumpliendo una de las primeras premisas que nos plante\u00f3 el presidente Mauricio Macri: trabajar en equipo junto a gobernadores, funcionarios de la Justicia y fuerzas de seguridad. Aunamos esfuerzos para que los rosarinos y los ciudadanos de toda la provincia de Santa Fe se sientan cada d\u00eda un poco m\u00e1s seguros\u201d, dijo tambi\u00e9n Bullrich.<\/p>\n<p>\u201cEl trabajo que estamos realizando en Rosario y Santa Fe hace que las bandas m\u00e1s importantes est\u00e9n desarticuladas. Sabemos que aparecen nuevas organizaciones que pretenden tomar ese lugar. Nuestra tarea consiste en subir la vara todos los d\u00edas para impedir el ingreso de droga a la Argentina\u201d, a\u00f1adi\u00f3.<\/p>\n","protected":false},"excerpt":{"rendered":"<p>\u201cLa situaci\u00f3n est\u00e1 mejor en la provincia\u201d, coincidieron al termino del encuentro del comit\u00e9 de planificaci\u00f3n. Luego rubricaron un acuerdo que permitir\u00e1 liberar las comisar\u00edas de autom\u00f3viles fuera de servicio El gobernador de Santa Fe, Miguel Lifschitz, y la ministra de Seguridad de la Naci\u00f3n, Patricia Bullrich, encabezaron este lunes en Rosario la primera reuni\u00f3n <a href=\"https:\/\/armstrongyregion.com.ar\/diario\/lifschitz-y-bullrich-evaluaron-el-desempeno-de-las-fuerzas-de-seguridad-y-firmaron-convenio-para-compactar-vehiculos-en-desuso\/\" title=\"Read more\" >&#8230;<\/a><\/p>\n","protected":false},"author":1,"featured_media":11679,"comment_status":"open","ping_status":"open","sticky":false,"template":"","format":"standard","meta":{"_jetpack_memberships_contains_paid_content":false,"footnotes":"","jetpack_publicize_message":"","jetpack_publicize_feature_enabled":true,"jetpack_social_post_already_shared":false,"jetpack_social_options":{"image_generator_settings":{"template":"highway","default_image_id":0,"enabled":false},"version":2}},"categories":[1,7],"tags":[5016,5020,5019],"class_list":["post-11678","post","type-post","status-publish","format-standard","has-post-thumbnail","hentry","category-diario-armstrong","category-politica","tag-armstrong-y-region","tag-firmaron-convenio-para-compactar-vehiculos","tag-lifschitz-y-bullrich"],"jetpack_publicize_connections":[],"jetpack_featured_media_url":"https:\/\/armstrongyregion.com.ar\/diario\/wp-content\/uploads\/2017\/02\/WhatsApp-Image-2017-02-13-at-13.48.12.jpeg","jetpack_shortlink":"https:\/\/wp.me\/p62QDO-32m","jetpack_sharing_enabled":true,"amp_enabled":true,"_links":{"self":[{"href":"https:\/\/armstrongyregion.com.ar\/diario\/wp-json\/wp\/v2\/posts\/11678","targetHints":{"allow":["GET"]}}],"collection":[{"href":"https:\/\/armstrongyregion.com.ar\/diario\/wp-json\/wp\/v2\/posts"}],"about":[{"href":"https:\/\/armstrongyregion.com.ar\/diario\/wp-json\/wp\/v2\/types\/post"}],"author":[{"embeddable":true,"href":"https:\/\/armstrongyregion.com.ar\/diario\/wp-json\/wp\/v2\/users\/1"}],"replies":[{"embeddable":true,"href":"https:\/\/armstrongyregion.com.ar\/diario\/wp-json\/wp\/v2\/comments?post=11678"}],"version-history":[{"count":0,"href":"https:\/\/armstrongyregion.com.ar\/diario\/wp-json\/wp\/v2\/posts\/11678\/revisions"}],"wp:featuredmedia":[{"embeddable":true,"href":"https:\/\/armstrongyregion.com.ar\/diario\/wp-json\/wp\/v2\/media\/11679"}],"wp:attachment":[{"href":"https:\/\/armstrongyregion.com.ar\/diario\/wp-json\/wp\/v2\/media?parent=11678"}],"wp:term":[{"taxonomy":"category","embeddable":true,"href":"https:\/\/armstrongyregion.com.ar\/diario\/wp-json\/wp\/v2\/categories?post=11678"},{"taxonomy":"post_tag","embeddable":true,"href":"https:\/\/armstrongyregion.com.ar\/diario\/wp-json\/wp\/v2\/tags?post=11678"}],"curies":[{"name":"wp","href":"https:\/\/api.w.org\/{rel}","templated":true}]}}