{"id":11675,"date":"2017-02-14T03:10:33","date_gmt":"2017-02-14T03:10:33","guid":{"rendered":"https:\/\/armstrongyregion.com.ar\/diario\/?p=11675"},"modified":"2017-02-14T03:26:20","modified_gmt":"2017-02-14T03:26:20","slug":"maizar-tecnoplaza-de-agroactiva","status":"publish","type":"post","link":"https:\/\/armstrongyregion.com.ar\/diario\/maizar-tecnoplaza-de-agroactiva\/","title":{"rendered":"Maizar tratar\u00e1 la bioeconom\u00eda en la Tecnoplaza de AgroActiva"},"content":{"rendered":"<p><img loading=\"lazy\" decoding=\"async\" class=\"alignnone size-medium wp-image-11676\" src=\"http:\/\/armstrongyregion.com.ar\/diario\/wp-content\/uploads\/2017\/02\/agro0004-300x150.jpg\" alt=\"agroactiva armstrong y region\" width=\"300\" height=\"150\" srcset=\"https:\/\/armstrongyregion.com.ar\/diario\/wp-content\/uploads\/2017\/02\/agro0004-300x150.jpg 300w, https:\/\/armstrongyregion.com.ar\/diario\/wp-content\/uploads\/2017\/02\/agro0004.jpg 640w\" sizes=\"auto, (max-width: 300px) 100vw, 300px\" \/>El nuevo espacio de AgroActiva, que cuenta con la adhesi\u00f3n de numerosas entidades del sector, se plantea como un \u00e1mbito para el debate y difusi\u00f3n de las nuevas tecnolog\u00edas aplicadas al agro.<br \/>\nLa Tecnoplaza de AgroActiva est\u00e1 pensada como un lugar para el debate, la difusi\u00f3n de avances e investigaciones relacionadas a la producci\u00f3n agr\u00edcola y la interacci\u00f3n entre especialistas y productores, contratistas, estudiantes e ingenieros. \u00a0 Para llevar adelante este nuevo espacio, que debutar\u00e1 en la feria que tendr\u00e1 lugar del 31 de mayo al 3 de junio en Armstrong (Santa Fe), AgroActiva sum\u00f3 como adherentes a entidades que forman parte de la cadena productiva, comercial y de investigaci\u00f3n e los diferentes cultivos en el pa\u00eds. \u00a0 Una de estas instituciones, de sobrada trayectoria en la materia, es la Asociaci\u00f3n Ma\u00edz y Sorgo Argentino (Maizar) que en di\u00e1logo con la prensa brind\u00f3 detalles sobre su participaci\u00f3n en la Tecnoplaza. \u2028-\u00bfC\u00f3mo vislumbra el funcionamiento de la Tecnoplaza de AgroActiva?\u2028\u2028Como el lugar de encuentro entre los visitantes habituales de la Exposici\u00f3n y quienes concurran espec\u00edficamente a conocer la propuesta de ideas de la Tecnoplaza en relaci\u00f3n al desarrollo mundial en el siglo XXI, que est\u00e1 basado en la bioeconom\u00eda y en un mundo sustentable, y abarca eldesarrollo econ\u00f3mico y social, pero tambi\u00e9n el de negocios, como son las actividades vinculadas con la producci\u00f3n de bioenerg\u00edas, alimentos, la sostenibilidad de los agro ecosistemas, el impacto de las nuevas tecnolog\u00edas, etc\u00e9tera.\u2028\u2028-\u00bfQu\u00e9 aporta este tipo de espacio a una muestra a campo abierta como lo es\u2028AgroActiva?\u2028Para MAIZAR, estos espacios brindan la oportunidad de reunir a los actores de distintas \u00e1reas de la agroindustria para discutir c\u00f3mo, cada uno de estos sectores, debe prepararse para capturar las nuevas oportunidades.\u2028\u2028-\u00bfCu\u00e1l es el aporte que tendr\u00e1 MAIZAR en este espacio?\u2028MAIZAR aportar\u00e1 la opini\u00f3n de expertos en distintos temas y les dedicar\u00e1 tiempo y trabajo a las mesas de debate.\u2028\u2028-\u00bfCu\u00e1l es el objetivo de MAIZAR en la Tecnoplaza?\u2028El objetivo es hacer extensivo a los visitantes de la Tecnoplaza el debate que se viene dando en el seno de MAIZAR desde hace muchos a\u00f1os, que involucra a Universidades, al INTA, a asociaciones de productores como AACREA o AAPRESID, cooperativas, empresas de tecnolog\u00eda, empresasexportadoras, a las Bolsas y a las empresas que transforman al ma\u00edz y al sorgo en carnes vacuna, porcina y aviar, l\u00e1cteos, huevos, etanol, biog\u00e1s y productos de las moliendas h\u00fameda y seca.\u2028\u2028-\u00bfCu\u00e1les son las principales tem\u00e1ticas a tratar?\u2028Se tratar\u00e1n diversos aspectos vinculados con la nueva bioeconom\u00eda como son\u2028las bioenerg\u00edas, el biog\u00e1s y los biomateriales.\u2028\u2028-\u00bfCu\u00e1l debe ser el enfoque a futuro en lo que respecta al sector maicero?\u2028Se debe trabajar en dos planos diferentes. Por un lado en el desarrollo de oportunidades de negocios, para que las empresas puedan atraer inversiones, crecer y generar empleo y oportunidades. Y por otro lado, sobre el desarrollo econ\u00f3mico y social en aquellas comunidades donde est\u00e1 presente la\u00a0cadena del ma\u00edz y del sorgo.<\/p>\n","protected":false},"excerpt":{"rendered":"<p>El nuevo espacio de AgroActiva, que cuenta con la adhesi\u00f3n de numerosas entidades del sector, se plantea como un \u00e1mbito para el debate y difusi\u00f3n de las nuevas tecnolog\u00edas aplicadas al agro. La Tecnoplaza de AgroActiva est\u00e1 pensada como un lugar para el debate, la difusi\u00f3n de avances e investigaciones relacionadas a la producci\u00f3n agr\u00edcola <a href=\"https:\/\/armstrongyregion.com.ar\/diario\/maizar-tecnoplaza-de-agroactiva\/\" title=\"Read more\" >&#8230;<\/a><\/p>\n","protected":false},"author":1,"featured_media":11676,"comment_status":"open","ping_status":"open","sticky":false,"template":"","format":"standard","meta":{"_jetpack_memberships_contains_paid_content":false,"footnotes":"","jetpack_publicize_message":"","jetpack_publicize_feature_enabled":true,"jetpack_social_post_already_shared":false,"jetpack_social_options":{"image_generator_settings":{"template":"highway","default_image_id":0,"enabled":false},"version":2}},"categories":[1],"tags":[5015,492,5016,5017,5018],"class_list":["post-11675","post","type-post","status-publish","format-standard","has-post-thumbnail","hentry","category-diario-armstrong","tag-agroactiva-armstrong-y-region","tag-agroactiva","tag-armstrong-y-region","tag-maizar-bioeconomia","tag-tecnoplaza-de-agroactiva"],"jetpack_publicize_connections":[],"jetpack_featured_media_url":"https:\/\/armstrongyregion.com.ar\/diario\/wp-content\/uploads\/2017\/02\/agro0004.jpg","jetpack_shortlink":"https:\/\/wp.me\/p62QDO-32j","jetpack_sharing_enabled":true,"amp_enabled":true,"_links":{"self":[{"href":"https:\/\/armstrongyregion.com.ar\/diario\/wp-json\/wp\/v2\/posts\/11675","targetHints":{"allow":["GET"]}}],"collection":[{"href":"https:\/\/armstrongyregion.com.ar\/diario\/wp-json\/wp\/v2\/posts"}],"about":[{"href":"https:\/\/armstrongyregion.com.ar\/diario\/wp-json\/wp\/v2\/types\/post"}],"author":[{"embeddable":true,"href":"https:\/\/armstrongyregion.com.ar\/diario\/wp-json\/wp\/v2\/users\/1"}],"replies":[{"embeddable":true,"href":"https:\/\/armstrongyregion.com.ar\/diario\/wp-json\/wp\/v2\/comments?post=11675"}],"version-history":[{"count":0,"href":"https:\/\/armstrongyregion.com.ar\/diario\/wp-json\/wp\/v2\/posts\/11675\/revisions"}],"wp:featuredmedia":[{"embeddable":true,"href":"https:\/\/armstrongyregion.com.ar\/diario\/wp-json\/wp\/v2\/media\/11676"}],"wp:attachment":[{"href":"https:\/\/armstrongyregion.com.ar\/diario\/wp-json\/wp\/v2\/media?parent=11675"}],"wp:term":[{"taxonomy":"category","embeddable":true,"href":"https:\/\/armstrongyregion.com.ar\/diario\/wp-json\/wp\/v2\/categories?post=11675"},{"taxonomy":"post_tag","embeddable":true,"href":"https:\/\/armstrongyregion.com.ar\/diario\/wp-json\/wp\/v2\/tags?post=11675"}],"curies":[{"name":"wp","href":"https:\/\/api.w.org\/{rel}","templated":true}]}}