{"id":11666,"date":"2017-02-12T21:53:35","date_gmt":"2017-02-12T21:53:35","guid":{"rendered":"https:\/\/armstrongyregion.com.ar\/diario\/?p=11666"},"modified":"2017-02-12T21:53:35","modified_gmt":"2017-02-12T21:53:35","slug":"rasetto-realizo-gestiones-para-que-los-planes-poa-desembarquen-en-iriondo","status":"publish","type":"post","link":"https:\/\/armstrongyregion.com.ar\/diario\/rasetto-realizo-gestiones-para-que-los-planes-poa-desembarquen-en-iriondo\/","title":{"rendered":"Rasetto realiz\u00f3 gestiones para que los planes POA desembarquen en Iriondo."},"content":{"rendered":"<p><a href=\"http:\/\/armstrongyregion.com.ar\/diario\/wp-content\/uploads\/2017\/02\/Rasetto-.jpg\"><img loading=\"lazy\" decoding=\"async\" src=\"http:\/\/armstrongyregion.com.ar\/diario\/wp-content\/uploads\/2017\/02\/Rasetto--300x210.jpg\" alt=\"Rasetto-armstrong-y-region-\" width=\"300\" height=\"210\" class=\"alignnone size-medium wp-image-11667\" srcset=\"https:\/\/armstrongyregion.com.ar\/diario\/wp-content\/uploads\/2017\/02\/Rasetto--300x210.jpg 300w, https:\/\/armstrongyregion.com.ar\/diario\/wp-content\/uploads\/2017\/02\/Rasetto-.jpg 960w\" sizes=\"auto, (max-width: 300px) 100vw, 300px\" \/><\/a>El pasado jueves 9 de febrero, el Senador Rasetto se reuni\u00f3, en el Ministerio de Trabajo de la Provincia de Santa Fe, con Mario Viola, con el principal objetivo de poner en marcha los Planes POA, \u00abPlan Operativo de Acci\u00f3n para el Desarrollo de la Econom\u00eda Social\u00bb. <\/p>\n<p>Los POA, son planes que comprenden tres l\u00edneas de apoyo para los emprendedores: asistencia t\u00e9cnica y acompa\u00f1amiento; financiamiento; e inversiones en infraestructura p\u00fablica relacionadas a las tem\u00e1ticas ferias, paseos, talleres comunitarios y huertas comunitarias.<\/p>\n<p>Este programa reconoce como principio rector a la primac\u00eda del trabajo sobre el capital, por lo tanto el esfuerzo est\u00e1 dirigido a ofrecer sentido, apoyo y orientaci\u00f3n a los procesos que en cada territorio nos permitan construir una econom\u00eda del trabajo. Es necesario remarcar que en el recupero de la dimensi\u00f3n social de la econom\u00eda toma centralidad el trabajo basado en principios y valores como la reciprocidad, solidaridad, asociatividad, cooperaci\u00f3n, preservaci\u00f3n del medio ambiente y democratizaci\u00f3n de las pr\u00e1cticas socio-econ\u00f3micas, aportando una nueva mirada de los procesos socio-productivos.<\/p>\n<p>De este modo, de la mano del Senador Rasetto y en estrecha colaboraci\u00f3n e interacci\u00f3n con funcionarios comprometidos como Viola, comenzaron los trabajos pertinentes para que los POA desembarquen en Iriondo.<\/p>\n","protected":false},"excerpt":{"rendered":"<p>El pasado jueves 9 de febrero, el Senador Rasetto se reuni\u00f3, en el Ministerio de Trabajo de la Provincia de Santa Fe, con Mario Viola, con el principal objetivo de poner en marcha los Planes POA, \u00abPlan Operativo de Acci\u00f3n para el Desarrollo de la Econom\u00eda Social\u00bb. Los POA, son planes que comprenden tres l\u00edneas <a href=\"https:\/\/armstrongyregion.com.ar\/diario\/rasetto-realizo-gestiones-para-que-los-planes-poa-desembarquen-en-iriondo\/\" title=\"Read more\" >&#8230;<\/a><\/p>\n","protected":false},"author":1,"featured_media":11667,"comment_status":"open","ping_status":"open","sticky":false,"template":"","format":"standard","meta":{"_jetpack_memberships_contains_paid_content":false,"footnotes":"","jetpack_publicize_message":"","jetpack_publicize_feature_enabled":true,"jetpack_social_post_already_shared":false,"jetpack_social_options":{"image_generator_settings":{"template":"highway","default_image_id":0,"enabled":false},"version":2}},"categories":[1,7,3],"tags":[20,5013,388,13],"class_list":["post-11666","post","type-post","status-publish","format-standard","has-post-thumbnail","hentry","category-diario-armstrong","category-politica","category-region","tag-armstrong","tag-rasetto-realizo-gestiones-para-que-los-planes-poa-desembarquen-en-iriondo","tag-region-2","tag-y"],"jetpack_publicize_connections":[],"jetpack_featured_media_url":"https:\/\/armstrongyregion.com.ar\/diario\/wp-content\/uploads\/2017\/02\/Rasetto-.jpg","jetpack_shortlink":"https:\/\/wp.me\/p62QDO-32a","jetpack_sharing_enabled":true,"amp_enabled":true,"_links":{"self":[{"href":"https:\/\/armstrongyregion.com.ar\/diario\/wp-json\/wp\/v2\/posts\/11666","targetHints":{"allow":["GET"]}}],"collection":[{"href":"https:\/\/armstrongyregion.com.ar\/diario\/wp-json\/wp\/v2\/posts"}],"about":[{"href":"https:\/\/armstrongyregion.com.ar\/diario\/wp-json\/wp\/v2\/types\/post"}],"author":[{"embeddable":true,"href":"https:\/\/armstrongyregion.com.ar\/diario\/wp-json\/wp\/v2\/users\/1"}],"replies":[{"embeddable":true,"href":"https:\/\/armstrongyregion.com.ar\/diario\/wp-json\/wp\/v2\/comments?post=11666"}],"version-history":[{"count":0,"href":"https:\/\/armstrongyregion.com.ar\/diario\/wp-json\/wp\/v2\/posts\/11666\/revisions"}],"wp:featuredmedia":[{"embeddable":true,"href":"https:\/\/armstrongyregion.com.ar\/diario\/wp-json\/wp\/v2\/media\/11667"}],"wp:attachment":[{"href":"https:\/\/armstrongyregion.com.ar\/diario\/wp-json\/wp\/v2\/media?parent=11666"}],"wp:term":[{"taxonomy":"category","embeddable":true,"href":"https:\/\/armstrongyregion.com.ar\/diario\/wp-json\/wp\/v2\/categories?post=11666"},{"taxonomy":"post_tag","embeddable":true,"href":"https:\/\/armstrongyregion.com.ar\/diario\/wp-json\/wp\/v2\/tags?post=11666"}],"curies":[{"name":"wp","href":"https:\/\/api.w.org\/{rel}","templated":true}]}}