{"id":11661,"date":"2017-02-12T17:24:48","date_gmt":"2017-02-12T17:24:48","guid":{"rendered":"https:\/\/armstrongyregion.com.ar\/diario\/?p=11661"},"modified":"2017-02-12T17:30:03","modified_gmt":"2017-02-12T17:30:03","slug":"opinion-ser-aparentar-y-actua-por-luis-novaresio","status":"publish","type":"post","link":"https:\/\/armstrongyregion.com.ar\/diario\/opinion-ser-aparentar-y-actua-por-luis-novaresio\/","title":{"rendered":"Opini\u00f3n: Ser, aparentar y actuar. Por Luis Novaresio."},"content":{"rendered":"<p><a href=\"http:\/\/armstrongyregion.com.ar\/diario\/wp-content\/uploads\/2017\/02\/macri-armstrong-y-recion.jpg\"><img loading=\"lazy\" decoding=\"async\" src=\"http:\/\/armstrongyregion.com.ar\/diario\/wp-content\/uploads\/2017\/02\/macri-armstrong-y-recion-300x169.jpg\" alt=\"macri-armstrong-y-region\" width=\"300\" height=\"169\" class=\"alignnone size-medium wp-image-11662\" srcset=\"https:\/\/armstrongyregion.com.ar\/diario\/wp-content\/uploads\/2017\/02\/macri-armstrong-y-recion-300x169.jpg 300w, https:\/\/armstrongyregion.com.ar\/diario\/wp-content\/uploads\/2017\/02\/macri-armstrong-y-recion.jpg 768w\" sizes=\"auto, (max-width: 300px) 100vw, 300px\" \/><\/a>El episodio con la deuda del Correo Argentino vuelve a interpelar al presidente Macri: \u00bfest\u00e1 decidido realmente a ir a fondo en la lucha contra la corrupci\u00f3n y el respeto a la ley?<br \/>\nDetesto menos a los ineficientes o in\u00fatiles que a los que mienten omitiendo cumplir todo lo que voluntariamente dijeron que sab\u00edan hacer. Traicionar las expectativas planteadas por uno mismo deber\u00eda ser delito en el c\u00f3digo penal\u00bb. As\u00ed terminaba una obra de teatro espa\u00f1ola que hablaba de la resistencia al franquismo y que pon\u00eda en boca de su viejo protagonista el hast\u00edo por las promesas incumplidas.<\/p>\n<p>Mauricio Macri deber\u00eda tomar especial nota que hay enormes expectativas por su gesti\u00f3n. No es un presidente m\u00e1s que lleg\u00f3 en la sucesi\u00f3n ordinaria de un estado de derecho consolidado y acostumbrado a pendular entre distintas posiciones ideol\u00f3gicas sin sobresaltos. El actual titular del Ejecutivo asumi\u00f3 como m\u00e1ximo representante de una democracia golpeada en los \u00faltimos 80 a\u00f1os y luego de 12 de una gesti\u00f3n que dese\u00f3 con voracidad y sin prejuicio ninguno eternizarse en el poder con prescindencia de las normas. Eso en lo pol\u00edtico. En lo econ\u00f3mico social, Macri gestiona un pa\u00eds que cristaliz\u00f3 y, peor, naturaliz\u00f3 el 30 por ciento de su poblaci\u00f3n en la pobreza, conciudadanos sometidos a una situaci\u00f3n socialmente injusta y econ\u00f3micamente presos.<br \/>\n\u00bfEntendi\u00f3 este mandato el presidente? Dig\u00e1moslo de forma m\u00e1s directa: A Mauricio Macri lo vot\u00f3 un sector ideol\u00f3gicamente duro que coincide con su forma de pensar y un enorme colectivo de ciudadanos independientes que sufrag\u00f3 en contra del kirchnerismo. Por descarte. Todos, sin embargo, se unieron por la idea de un cambio en el fondo del respeto de la ley y en el combate contra la corrupci\u00f3n.<\/p>\n<p>El episodio de la deuda de la empresa de la familia Macri por la gesti\u00f3n del Correo Argentino vuelve a interpelar al presidente para saber si tiene voluntad de honrar aquel compromiso. Es cierto que cada tema que se debate en p\u00fablico suscita por estos tiempos una grieta ideol\u00f3gica que, en muchos casos, es rid\u00edcula. El \u00abtetazo\u00bb de mujeres que s\u00f3lo proponen ser due\u00f1as de su cuerpo dividi\u00f3 el sostenedores (con perd\u00f3n) K de la iniciativa y detractores PRO de la misma. Ins\u00f3lito.<\/p>\n<p>Por lo del Correo, es on\u00edrico escuchar a dirigentes de los \u00faltimos 12 a\u00f1os asustarse por lo que ocurre. El caso es grave. Grav\u00edsimo. Pero que dirigentes que se robaron una empresa dedicada a fabricar billetes o que condonaron 8.000 millones a un empresario amigo que expend\u00eda petr\u00f3leo por poner dos ejemplos r\u00e1pidos se golpeen el pecho y hagan vide\u00edtos en las redes hablando de fragilidad institucional es pat\u00e9tico. Adelantemos algo: si la familia Macri va a pagar poco y nada por su deuda con el Correo se lo debemos a que las 3 administraciones kirchneristas le bicicletearon ese per\u00edodo porque entonces era amigo del poder. Punto.<\/p>\n<p>A quien quiera, en serio, empezar a entender este caso se le recomienda la lectura de 64 fojas del dictamen de la fiscal Gabriela Boqu\u00edn que plantea el tema (v\u00e9ase http:\/\/www.fiscales.gob.ar\/fiscalias\/dictamen-completo-de-la-fiscal-general-gabriela-boquin-en-el-marco-del-concurso-preventivo-de-correo-argentino-s-a\/). Luego, a los m\u00e1s rigurosos, se los invita a conocer dos escritos m\u00e1s de la misma agente fiscal que complementan esa presentaci\u00f3n.<\/p>\n<p>Si se nos permite la s\u00edntesis que apunta m\u00e1s a la did\u00e1ctica que a la profusi\u00f3n de tecnicismo, el caso supone estos t\u00f3picos: 1) Cuando Correo Argentino de la familia Macri es echado de la concesi\u00f3n en a\u00f1o 2003 se verifica una deuda con el Estado de 298 millones de pesos. 2) abierto el concurso de acreedores, dicho monto queda verificado junto con otros acreedores que tambi\u00e9n reclaman lo suyo. 3) Desde entonces, el Estado argentino se tom\u00f3 13 a\u00f1os para discutir si se aceptaba una propuesta de pago y evitaba la quiebra. 4) A fines del a\u00f1o pasado se present\u00f3 una propuesta por la que la familia Macri propone pagar los mismos 298 millones de pesos en 15 a\u00f1os, con el 7 por ciento de inter\u00e9s anual.<\/p>\n<p>\u00abLa propuesta que (el Estado) acept\u00f3 es abusiva, implica perjuicio fiscal y su irregular aceptaci\u00f3n perjudica gravemente el patrimonio del Estado nacional\u00bb, firma a fojas 5 la fiscal. Y lo explica en 60 carillas m\u00e1s. De all\u00ed se extrae con claridad matem\u00e1tica que la propuesta, a un plazo de 15 a\u00f1os en donde las primeras cuotas son s\u00f3lo del 1 por ciento del capital y reci\u00e9n en el 2033 se paga fuertemente lo que se debe, es abusiva e implica una quita, por el paso del tiempo y la imposibilidad legal de cargar intereses del 98 por ciento real de la deuda (fojas 10 y 11). De los casi 300 millones que se deb\u00edan el deudor pagar\u00e1 en realidad 6 a valores constantes y el acreedor, todos nosotros, perderemos el resto. Boqu\u00edn explica que hay irregularidades de forma en el modo de mandatar a los representantes del Estado, explica c\u00f3mo est\u00e1 constituida la sociedad y mucho m\u00e1s.<\/p>\n<p>Lo central es que se pretende aprobar un acuerdo que para un empresario multimillonario le implica haber podido pasar todo este tiempo sin problemas y con el \u00abpremio\u00bb final de un acuerdo como el explicado cuando al ciudadano de a pie, por ejemplo, se le ofrece hoy una compra de un lavarropas en 50 meses con un inter\u00e9s del 19 por ciento anual. \u00bfO hay que explicar qu\u00e9 nos pasa a todo si se no pagamos una boleta del inmobiliario a la hora de los intereses y embargos?<\/p>\n<p>El ministro de Comunicaciones que impuls\u00f3 el acuerdo dijo varias cosas. Que la demora en el cobro hay que achac\u00e1rsela al kirchnerismo que entonces miraba como un socio privilegiado a Franco Macri (es cierto) y que va a llevar al Congreso la propuesta para ver si a la oposici\u00f3n se le ocurre algo mejor. \u00bfAhora? \u00bfY haberlo hecho antes?<\/p>\n<p>Se dice en la arena pol\u00edtica que muchos est\u00e1n (estamos) demasiado puristas con el gobierno de Macri cuando venimos de uno que atropell\u00f3 cuanta norma se le ocurri\u00f3. Lo segundo es cierto. Y lo primero tambi\u00e9n. Por aquello de las expectativas y promesas voluntariamente pronunciadas. Muchos de los que votaron al PRO jam\u00e1s esperar\u00edan nada de mea culpa jur\u00eddico o \u00e9tico del gobierno que se fue hace un a\u00f1o y un par de meses. S\u00ed de \u00e9ste. Por eso el reclamo.<\/p>\n<p>\u00bfEs tan dif\u00edcil ver para el presidente que un tema r\u00edspido que involucra directamente a su familia merece de un protocolo especial, riguroso, para salvar cualquier hueco de cuestionamiento de \u00e9tica p\u00fablica? Le dijo a este cronista el ministro Aguad que nunca se le ocurri\u00f3 consultar a Mauricio Macri sobre este tema. O exagera la gambeta dial\u00e9ctica o, de verdad, estamos en problemas. El Estado no es una empresa privada en donde un pu\u00f1ado de accionistas aprueban lo actuado sin m\u00e1s que dar cuentas. Y seguir diciendo que fue un error propio del aprendizaje de la gesti\u00f3n tiene un color oscuro a estas alturas. O peor: es un modo de gobernar basado en el \u00absi se pasa, pasa\u00bb. Si se pasa el nombramiento de jueces en comisi\u00f3n, pasa. Si pasa derogar una ley por decreto, pasa.<\/p>\n<p>El presidente Macri y su gabinete tienen que honrar sus promesas y tomar nota del momento hist\u00f3rico en el que han llegado. El acuerdo por el Correo es una afrenta al ciudadano de a pie que paga sus impuestos. Una maestra rosarina del Derecho dec\u00eda que en un conflicto jur\u00eddico hay que estar siempre primero al sentido de justicia. \u00abEl taparrabos de las normas aparece despu\u00e9s\u00bb. Este caso no es m\u00e1s que otro bot\u00f3n de una muestra que ya no admite como \u00fanica justificaci\u00f3n la herencia recibida.<br \/>\nLuis Novaresio\/ La Capital.<\/p>\n","protected":false},"excerpt":{"rendered":"<p>El episodio con la deuda del Correo Argentino vuelve a interpelar al presidente Macri: \u00bfest\u00e1 decidido realmente a ir a fondo en la lucha contra la corrupci\u00f3n y el respeto a la ley? Detesto menos a los ineficientes o in\u00fatiles que a los que mienten omitiendo cumplir todo lo que voluntariamente dijeron que sab\u00edan hacer. <a href=\"https:\/\/armstrongyregion.com.ar\/diario\/opinion-ser-aparentar-y-actua-por-luis-novaresio\/\" title=\"Read more\" >&#8230;<\/a><\/p>\n","protected":false},"author":1,"featured_media":11662,"comment_status":"open","ping_status":"open","sticky":false,"template":"","format":"standard","meta":{"_jetpack_memberships_contains_paid_content":false,"footnotes":"","jetpack_publicize_message":"","jetpack_publicize_feature_enabled":true,"jetpack_social_post_already_shared":false,"jetpack_social_options":{"image_generator_settings":{"template":"highway","default_image_id":0,"enabled":false},"version":2}},"categories":[8,1,2,7,3],"tags":[5012,5011,388],"class_list":["post-11661","post","type-post","status-publish","format-standard","has-post-thumbnail","hentry","category-deliberando","category-diario-armstrong","category-locales","category-politica","category-region","tag-aparentar-y-actua-por-luis-novaresio-armstrong-y","tag-opinion-ser","tag-region-2"],"jetpack_publicize_connections":[],"jetpack_featured_media_url":"https:\/\/armstrongyregion.com.ar\/diario\/wp-content\/uploads\/2017\/02\/macri-armstrong-y-recion.jpg","jetpack_shortlink":"https:\/\/wp.me\/p62QDO-325","jetpack_sharing_enabled":true,"amp_enabled":true,"_links":{"self":[{"href":"https:\/\/armstrongyregion.com.ar\/diario\/wp-json\/wp\/v2\/posts\/11661","targetHints":{"allow":["GET"]}}],"collection":[{"href":"https:\/\/armstrongyregion.com.ar\/diario\/wp-json\/wp\/v2\/posts"}],"about":[{"href":"https:\/\/armstrongyregion.com.ar\/diario\/wp-json\/wp\/v2\/types\/post"}],"author":[{"embeddable":true,"href":"https:\/\/armstrongyregion.com.ar\/diario\/wp-json\/wp\/v2\/users\/1"}],"replies":[{"embeddable":true,"href":"https:\/\/armstrongyregion.com.ar\/diario\/wp-json\/wp\/v2\/comments?post=11661"}],"version-history":[{"count":0,"href":"https:\/\/armstrongyregion.com.ar\/diario\/wp-json\/wp\/v2\/posts\/11661\/revisions"}],"wp:featuredmedia":[{"embeddable":true,"href":"https:\/\/armstrongyregion.com.ar\/diario\/wp-json\/wp\/v2\/media\/11662"}],"wp:attachment":[{"href":"https:\/\/armstrongyregion.com.ar\/diario\/wp-json\/wp\/v2\/media?parent=11661"}],"wp:term":[{"taxonomy":"category","embeddable":true,"href":"https:\/\/armstrongyregion.com.ar\/diario\/wp-json\/wp\/v2\/categories?post=11661"},{"taxonomy":"post_tag","embeddable":true,"href":"https:\/\/armstrongyregion.com.ar\/diario\/wp-json\/wp\/v2\/tags?post=11661"}],"curies":[{"name":"wp","href":"https:\/\/api.w.org\/{rel}","templated":true}]}}