{"id":1166,"date":"2015-03-04T17:05:29","date_gmt":"2015-03-04T17:05:29","guid":{"rendered":"https:\/\/armstrongyregion.com.ar\/diario\/?p=1166"},"modified":"2015-03-04T21:34:05","modified_gmt":"2015-03-04T21:34:05","slug":"se-inician-las-actividades-2015-en-el-mhm","status":"publish","type":"post","link":"https:\/\/armstrongyregion.com.ar\/diario\/se-inician-las-actividades-2015-en-el-mhm\/","title":{"rendered":"Se inician las actividades 2015 en el MHM."},"content":{"rendered":"<p><a href=\"http:\/\/armstrongyregion.com.ar\/diario\/wp-content\/uploads\/2015\/03\/mujeresmemoriamhmmarzo.jpg\"><img loading=\"lazy\" decoding=\"async\" class=\"alignnone size-medium wp-image-1167\" src=\"http:\/\/armstrongyregion.com.ar\/diario\/wp-content\/uploads\/2015\/03\/mujeresmemoriamhmmarzo-300x212.jpg\" alt=\"mujeresmemoriamhmmarzo\" width=\"300\" height=\"212\" srcset=\"https:\/\/armstrongyregion.com.ar\/diario\/wp-content\/uploads\/2015\/03\/mujeresmemoriamhmmarzo-300x212.jpg 300w, https:\/\/armstrongyregion.com.ar\/diario\/wp-content\/uploads\/2015\/03\/mujeresmemoriamhmmarzo.jpg 706w\" sizes=\"auto, (max-width: 300px) 100vw, 300px\" \/><\/a>La Municipalidad de Armstrong desde la Secretar\u00eda de Educaci\u00f3n, Cultura y Deporte invita a toda la comunidad a la apertura de la muestra \u201cMujeres, Memoria\u201d que se realizar\u00e1 el jueves 5 de marzo a las 20:30 hs. en el Museo Hist\u00f3rico Municipal.<\/p>\n<p>La misma pertenece a la artista pl\u00e1stica Mabel Temporelli y la tem\u00e1tica es referida al d\u00eda internacional de la Mujer y al d\u00eda de la Memoria.<br \/>\nFernando Farina dijo: \u00abEl car\u00e1cter simb\u00f3lico de una plancha y las quemaduras sobre vestidos y telas son los datos que ofrece Temporelli para hablar de la mujer. Pero la marca est\u00e1 tanto en vestidos de novia- historias de vida inconclusas- como en g\u00e9neros (m\u00e1s contundentes), donde la sexualidad toma un protagonismo a\u00fan mayor, en la misma medida que emerge una fuerte cr\u00edtica contra los sometimientos\u00bb.<\/p>\n<p>\u201cMujeres, Memoria\u201d permanecer\u00e1 a disposici\u00f3n del p\u00fablico en el sal\u00f3n del MHM hasta el domingo 26 de abril, con entrada libre y gratuita.<\/p>\n","protected":false},"excerpt":{"rendered":"<p>La Municipalidad de Armstrong desde la Secretar\u00eda de Educaci\u00f3n, Cultura y Deporte invita a toda la comunidad a la apertura de la muestra \u201cMujeres, Memoria\u201d que se realizar\u00e1 el jueves 5 de marzo a las 20:30 hs. en el Museo Hist\u00f3rico Municipal. La misma pertenece a la artista pl\u00e1stica Mabel Temporelli y la tem\u00e1tica es <a href=\"https:\/\/armstrongyregion.com.ar\/diario\/se-inician-las-actividades-2015-en-el-mhm\/\" title=\"Read more\" >&#8230;<\/a><\/p>\n","protected":false},"author":2,"featured_media":1167,"comment_status":"open","ping_status":"open","sticky":false,"template":"","format":"standard","meta":{"_jetpack_memberships_contains_paid_content":false,"footnotes":"","jetpack_publicize_message":"","jetpack_publicize_feature_enabled":true,"jetpack_social_post_already_shared":false,"jetpack_social_options":{"image_generator_settings":{"template":"highway","default_image_id":0,"enabled":false},"version":2}},"categories":[1,2,3],"tags":[214,263,16,15,1035,23,1036,86],"class_list":["post-1166","post","type-post","status-publish","format-standard","has-post-thumbnail","hentry","category-diario-armstrong","category-locales","category-region","tag-214","tag-actividades","tag-el","tag-en","tag-inician","tag-las","tag-mhm","tag-se"],"jetpack_publicize_connections":[],"jetpack_featured_media_url":"https:\/\/armstrongyregion.com.ar\/diario\/wp-content\/uploads\/2015\/03\/mujeresmemoriamhmmarzo.jpg","jetpack_shortlink":"https:\/\/wp.me\/p62QDO-iO","jetpack_sharing_enabled":true,"amp_enabled":true,"_links":{"self":[{"href":"https:\/\/armstrongyregion.com.ar\/diario\/wp-json\/wp\/v2\/posts\/1166","targetHints":{"allow":["GET"]}}],"collection":[{"href":"https:\/\/armstrongyregion.com.ar\/diario\/wp-json\/wp\/v2\/posts"}],"about":[{"href":"https:\/\/armstrongyregion.com.ar\/diario\/wp-json\/wp\/v2\/types\/post"}],"author":[{"embeddable":true,"href":"https:\/\/armstrongyregion.com.ar\/diario\/wp-json\/wp\/v2\/users\/2"}],"replies":[{"embeddable":true,"href":"https:\/\/armstrongyregion.com.ar\/diario\/wp-json\/wp\/v2\/comments?post=1166"}],"version-history":[{"count":0,"href":"https:\/\/armstrongyregion.com.ar\/diario\/wp-json\/wp\/v2\/posts\/1166\/revisions"}],"wp:featuredmedia":[{"embeddable":true,"href":"https:\/\/armstrongyregion.com.ar\/diario\/wp-json\/wp\/v2\/media\/1167"}],"wp:attachment":[{"href":"https:\/\/armstrongyregion.com.ar\/diario\/wp-json\/wp\/v2\/media?parent=1166"}],"wp:term":[{"taxonomy":"category","embeddable":true,"href":"https:\/\/armstrongyregion.com.ar\/diario\/wp-json\/wp\/v2\/categories?post=1166"},{"taxonomy":"post_tag","embeddable":true,"href":"https:\/\/armstrongyregion.com.ar\/diario\/wp-json\/wp\/v2\/tags?post=1166"}],"curies":[{"name":"wp","href":"https:\/\/api.w.org\/{rel}","templated":true}]}}