{"id":1159,"date":"2015-03-04T16:44:10","date_gmt":"2015-03-04T16:44:10","guid":{"rendered":"https:\/\/armstrongyregion.com.ar\/diario\/?p=1159"},"modified":"2015-03-04T16:44:10","modified_gmt":"2015-03-04T16:44:10","slug":"clerici-inauguro-el-pavimento-frente-a-la-escuela-rafael-figueroa","status":"publish","type":"post","link":"https:\/\/armstrongyregion.com.ar\/diario\/clerici-inauguro-el-pavimento-frente-a-la-escuela-rafael-figueroa\/","title":{"rendered":"Cl\u00e9rici inaugur\u00f3 el pavimento frente a la escuela Rafael Figueroa."},"content":{"rendered":"<p><a href=\"http:\/\/armstrongyregion.com.ar\/diario\/wp-content\/uploads\/2015\/03\/escuela1363.jpg\"><img loading=\"lazy\" decoding=\"async\" class=\"alignnone size-medium wp-image-1160\" src=\"http:\/\/armstrongyregion.com.ar\/diario\/wp-content\/uploads\/2015\/03\/escuela1363-300x168.jpg\" alt=\"escuela1363\" width=\"300\" height=\"168\" srcset=\"https:\/\/armstrongyregion.com.ar\/diario\/wp-content\/uploads\/2015\/03\/escuela1363-300x168.jpg 300w, https:\/\/armstrongyregion.com.ar\/diario\/wp-content\/uploads\/2015\/03\/escuela1363.jpg 768w\" sizes=\"auto, (max-width: 300px) 100vw, 300px\" \/><\/a>Fue durante el acto de inicio del ciclo lectivo. Destac\u00f3 tambi\u00e9n el \u00a0trabajo conjunto con la instituci\u00f3n en distintos proyectos educativos y \u00a0socio comunitarios.<\/p>\n<p>La intendenta Stella Cl\u00e9rici inaugur\u00f3 el paviment\u00f3 de calle Corrientes \u00a0frente a la escuela Rafael Figueroa en el inicio del ciclo lectivo. De<br \/>\nesta manera, todas las escuelas primarias de la ciudad tienen acceso pavimentado.<br \/>\nAcompa\u00f1ada por autoridades de la escuela, cooperadores, la secretaria \u00a0de Gobierno Carina Mozzoni y el concejal Juan Tocalli destac\u00f3 el trabajo<br \/>\nconjunto que se realiza con los alumnos en distintos proyectos e<br \/>\nintervenciones socio comunitarias.<br \/>\n\u201cEstamos orgullosos de haber concretado esta importante obra para el<br \/>\nbarrio y para los chicos que asisten a esta querida escuela\u201d, expres\u00f3<br \/>\nCl\u00e9rici y puso nuevamente a disposici\u00f3n el colectivo del municipio para<br \/>\nlos viajes estudiantiles que realizan todos los a\u00f1os con las gestiones<br \/>\ndel equipo de gobierno municipal.<\/p>\n","protected":false},"excerpt":{"rendered":"<p>Fue durante el acto de inicio del ciclo lectivo. Destac\u00f3 tambi\u00e9n el \u00a0trabajo conjunto con la instituci\u00f3n en distintos proyectos educativos y \u00a0socio comunitarios. La intendenta Stella Cl\u00e9rici inaugur\u00f3 el paviment\u00f3 de calle Corrientes \u00a0frente a la escuela Rafael Figueroa en el inicio del ciclo lectivo. De esta manera, todas las escuelas primarias de la <a href=\"https:\/\/armstrongyregion.com.ar\/diario\/clerici-inauguro-el-pavimento-frente-a-la-escuela-rafael-figueroa\/\" title=\"Read more\" >&#8230;<\/a><\/p>\n","protected":false},"author":2,"featured_media":1160,"comment_status":"open","ping_status":"open","sticky":false,"template":"","format":"standard","meta":{"_jetpack_memberships_contains_paid_content":false,"footnotes":"","jetpack_publicize_message":"","jetpack_publicize_feature_enabled":true,"jetpack_social_post_already_shared":false,"jetpack_social_options":{"image_generator_settings":{"template":"highway","default_image_id":0,"enabled":false},"version":2}},"categories":[1,3],"tags":[33,83,16,744,1030,257,1028,31,709,1029],"class_list":["post-1159","post","type-post","status-publish","format-standard","has-post-thumbnail","hentry","category-diario-armstrong","category-region","tag-a","tag-clerici","tag-el","tag-escuela","tag-figueroa","tag-frente","tag-inauguro","tag-la","tag-pavimento","tag-rafael"],"jetpack_publicize_connections":[],"jetpack_featured_media_url":"https:\/\/armstrongyregion.com.ar\/diario\/wp-content\/uploads\/2015\/03\/escuela1363.jpg","jetpack_shortlink":"https:\/\/wp.me\/p62QDO-iH","jetpack_sharing_enabled":true,"amp_enabled":true,"_links":{"self":[{"href":"https:\/\/armstrongyregion.com.ar\/diario\/wp-json\/wp\/v2\/posts\/1159","targetHints":{"allow":["GET"]}}],"collection":[{"href":"https:\/\/armstrongyregion.com.ar\/diario\/wp-json\/wp\/v2\/posts"}],"about":[{"href":"https:\/\/armstrongyregion.com.ar\/diario\/wp-json\/wp\/v2\/types\/post"}],"author":[{"embeddable":true,"href":"https:\/\/armstrongyregion.com.ar\/diario\/wp-json\/wp\/v2\/users\/2"}],"replies":[{"embeddable":true,"href":"https:\/\/armstrongyregion.com.ar\/diario\/wp-json\/wp\/v2\/comments?post=1159"}],"version-history":[{"count":0,"href":"https:\/\/armstrongyregion.com.ar\/diario\/wp-json\/wp\/v2\/posts\/1159\/revisions"}],"wp:featuredmedia":[{"embeddable":true,"href":"https:\/\/armstrongyregion.com.ar\/diario\/wp-json\/wp\/v2\/media\/1160"}],"wp:attachment":[{"href":"https:\/\/armstrongyregion.com.ar\/diario\/wp-json\/wp\/v2\/media?parent=1159"}],"wp:term":[{"taxonomy":"category","embeddable":true,"href":"https:\/\/armstrongyregion.com.ar\/diario\/wp-json\/wp\/v2\/categories?post=1159"},{"taxonomy":"post_tag","embeddable":true,"href":"https:\/\/armstrongyregion.com.ar\/diario\/wp-json\/wp\/v2\/tags?post=1159"}],"curies":[{"name":"wp","href":"https:\/\/api.w.org\/{rel}","templated":true}]}}