{"id":11574,"date":"2017-02-03T20:29:35","date_gmt":"2017-02-03T20:29:35","guid":{"rendered":"https:\/\/armstrongyregion.com.ar\/diario\/?p=11574"},"modified":"2017-02-03T20:29:35","modified_gmt":"2017-02-03T20:29:35","slug":"canada-de-gomez-el-sabado-se-realiza-la-2-pre-lunas","status":"publish","type":"post","link":"https:\/\/armstrongyregion.com.ar\/diario\/canada-de-gomez-el-sabado-se-realiza-la-2-pre-lunas\/","title":{"rendered":"Ca\u00f1ada de G\u00f3mez. El s\u00e1bado se realiza la 2\u00b0 Pre Lunas."},"content":{"rendered":"<p><a href=\"http:\/\/armstrongyregion.com.ar\/diario\/wp-content\/uploads\/2017\/02\/afiche-pre-lunas-2-01.jpg\"><img loading=\"lazy\" decoding=\"async\" src=\"http:\/\/armstrongyregion.com.ar\/diario\/wp-content\/uploads\/2017\/02\/afiche-pre-lunas-2-01-300x208.jpg\" alt=\"\" width=\"300\" height=\"208\" class=\"alignnone size-medium wp-image-11575\" srcset=\"https:\/\/armstrongyregion.com.ar\/diario\/wp-content\/uploads\/2017\/02\/afiche-pre-lunas-2-01-300x208.jpg 300w, https:\/\/armstrongyregion.com.ar\/diario\/wp-content\/uploads\/2017\/02\/afiche-pre-lunas-2-01.jpg 768w\" sizes=\"auto, (max-width: 300px) 100vw, 300px\" \/><\/a>Se llevar\u00e1 a cabo en la Plazoleta de Urquiza y Paraguay, con la participaci\u00f3n de artistas de la ciudad y la colaboraci\u00f3n en la organizaci\u00f3n de vecinales de la zona sur.<\/p>\n<p>El pr\u00f3ximo s\u00e1bado 4 de febrero desde las 21 hs. en la Plazoleta de Urquiza y Paraguay se llevar\u00e1 a cabo la segunda Pre Lunas 2017, para seguir palpitando junto a los artistas locales la 30\u00ba edici\u00f3n del Festival que se realizar\u00e1 del 24 al 26 de febrero.<br \/>\nLos artistas que se presentar\u00e1n en esta oportunidad son: Jes\u00fas Monte y su banda, Julieta Marucco, Brunito Recitador, Braian Galarza, ConFusi\u00f3n, Mar\u00eda Bel\u00e9n, La Revuelta y Los Leg\u00fceros del Litoral. Adem\u00e1s habr\u00e1 stands de micro emprendedores y el buffet estar\u00e1 a cargo de vecinales de la zona sur.<\/p>\n","protected":false},"excerpt":{"rendered":"<p>Se llevar\u00e1 a cabo en la Plazoleta de Urquiza y Paraguay, con la participaci\u00f3n de artistas de la ciudad y la colaboraci\u00f3n en la organizaci\u00f3n de vecinales de la zona sur. El pr\u00f3ximo s\u00e1bado 4 de febrero desde las 21 hs. en la Plazoleta de Urquiza y Paraguay se llevar\u00e1 a cabo la segunda Pre <a href=\"https:\/\/armstrongyregion.com.ar\/diario\/canada-de-gomez-el-sabado-se-realiza-la-2-pre-lunas\/\" title=\"Read more\" >&#8230;<\/a><\/p>\n","protected":false},"author":1,"featured_media":11575,"comment_status":"open","ping_status":"open","sticky":false,"template":"","format":"standard","meta":{"_jetpack_memberships_contains_paid_content":false,"footnotes":"","jetpack_publicize_message":"","jetpack_publicize_feature_enabled":true,"jetpack_social_post_already_shared":false,"jetpack_social_options":{"image_generator_settings":{"template":"highway","default_image_id":0,"enabled":false},"version":2}},"categories":[6,8,1,3],"tags":[20,4978,388,13],"class_list":["post-11574","post","type-post","status-publish","format-standard","has-post-thumbnail","hentry","category-cultura-entretenimiento","category-deliberando","category-diario-armstrong","category-region","tag-armstrong","tag-canada-de-gomez-el-sabado-se-realiza-la-2-pre-lunas","tag-region-2","tag-y"],"jetpack_publicize_connections":[],"jetpack_featured_media_url":"https:\/\/armstrongyregion.com.ar\/diario\/wp-content\/uploads\/2017\/02\/afiche-pre-lunas-2-01.jpg","jetpack_shortlink":"https:\/\/wp.me\/p62QDO-30G","jetpack_sharing_enabled":true,"amp_enabled":true,"_links":{"self":[{"href":"https:\/\/armstrongyregion.com.ar\/diario\/wp-json\/wp\/v2\/posts\/11574","targetHints":{"allow":["GET"]}}],"collection":[{"href":"https:\/\/armstrongyregion.com.ar\/diario\/wp-json\/wp\/v2\/posts"}],"about":[{"href":"https:\/\/armstrongyregion.com.ar\/diario\/wp-json\/wp\/v2\/types\/post"}],"author":[{"embeddable":true,"href":"https:\/\/armstrongyregion.com.ar\/diario\/wp-json\/wp\/v2\/users\/1"}],"replies":[{"embeddable":true,"href":"https:\/\/armstrongyregion.com.ar\/diario\/wp-json\/wp\/v2\/comments?post=11574"}],"version-history":[{"count":0,"href":"https:\/\/armstrongyregion.com.ar\/diario\/wp-json\/wp\/v2\/posts\/11574\/revisions"}],"wp:featuredmedia":[{"embeddable":true,"href":"https:\/\/armstrongyregion.com.ar\/diario\/wp-json\/wp\/v2\/media\/11575"}],"wp:attachment":[{"href":"https:\/\/armstrongyregion.com.ar\/diario\/wp-json\/wp\/v2\/media?parent=11574"}],"wp:term":[{"taxonomy":"category","embeddable":true,"href":"https:\/\/armstrongyregion.com.ar\/diario\/wp-json\/wp\/v2\/categories?post=11574"},{"taxonomy":"post_tag","embeddable":true,"href":"https:\/\/armstrongyregion.com.ar\/diario\/wp-json\/wp\/v2\/tags?post=11574"}],"curies":[{"name":"wp","href":"https:\/\/api.w.org\/{rel}","templated":true}]}}