{"id":11558,"date":"2017-02-02T20:03:20","date_gmt":"2017-02-02T20:03:20","guid":{"rendered":"https:\/\/armstrongyregion.com.ar\/diario\/?p=11558"},"modified":"2017-02-02T20:03:20","modified_gmt":"2017-02-02T20:03:20","slug":"robo-y-destrozos-en-pena-el-amanecer-de-correa","status":"publish","type":"post","link":"https:\/\/armstrongyregion.com.ar\/diario\/robo-y-destrozos-en-pena-el-amanecer-de-correa\/","title":{"rendered":"Robo y destrozos en Pe\u00f1a \u201cEl Amanecer\u201d, de Correa."},"content":{"rendered":"<p><a href=\"http:\/\/armstrongyregion.com.ar\/diario\/wp-content\/uploads\/2017\/02\/Pe\u00f1a-amanecer.jpg\"><img loading=\"lazy\" decoding=\"async\" src=\"http:\/\/armstrongyregion.com.ar\/diario\/wp-content\/uploads\/2017\/02\/Pe\u00f1a-amanecer-300x199.jpg\" alt=\"Pe\u00f1a-amanecer-Armstrong-Region-\" width=\"300\" height=\"199\" class=\"alignnone size-medium wp-image-11559\" srcset=\"https:\/\/armstrongyregion.com.ar\/diario\/wp-content\/uploads\/2017\/02\/Pe\u00f1a-amanecer-300x199.jpg 300w, https:\/\/armstrongyregion.com.ar\/diario\/wp-content\/uploads\/2017\/02\/Pe\u00f1a-amanecer.jpg 768w\" sizes=\"auto, (max-width: 300px) 100vw, 300px\" \/><\/a>El hecho ocurri\u00f3 en la madrugada de este jueves 2 de febrero. Act\u00faa la Comisar\u00eda 5a., de esa localidad.<br \/>\nEn la madrugada del d\u00eda de la fecha un grupo de desconocidos ingres\u00f3 por el patio trasero forzando una puerta de la instituci\u00f3n, ocasionando destrozos y sustrayendo diferentes objetos de la instituci\u00f3n, principalmente bebidas alcoh\u00f3licas y elementos de cocina.<br \/>\nUn lamentable hecho de vandalismo ya que Pe\u00f1a \u201cEl Amanecer\u201d, realiza un enorme trabajo social en esa comunidad, manteniendo sus instalaciones de manera impecable gracias al esfuerzo diario de la Comisi\u00f3n Directiva y de los propios integrantes de los diferentes cuerpos de danza. Ser\u00e1 ahora tiempo de un nuevo gasto: alarma y c\u00e1maras.<br \/>\nIntervienen en la investigaci\u00f3n efectivos de la Comisaria 5ta. de Correa.<\/p>\n<p>Fuente: Facebook Correa Diario Visi\u00f3n \/ Edici\u00f3n: Las Rosas Digital<\/p>\n","protected":false},"excerpt":{"rendered":"<p>El hecho ocurri\u00f3 en la madrugada de este jueves 2 de febrero. Act\u00faa la Comisar\u00eda 5a., de esa localidad. En la madrugada del d\u00eda de la fecha un grupo de desconocidos ingres\u00f3 por el patio trasero forzando una puerta de la instituci\u00f3n, ocasionando destrozos y sustrayendo diferentes objetos de la instituci\u00f3n, principalmente bebidas alcoh\u00f3licas y <a href=\"https:\/\/armstrongyregion.com.ar\/diario\/robo-y-destrozos-en-pena-el-amanecer-de-correa\/\" title=\"Read more\" >&#8230;<\/a><\/p>\n","protected":false},"author":1,"featured_media":11559,"comment_status":"open","ping_status":"open","sticky":false,"template":"","format":"standard","meta":{"_jetpack_memberships_contains_paid_content":false,"footnotes":"","jetpack_publicize_message":"","jetpack_publicize_feature_enabled":true,"jetpack_social_post_already_shared":false,"jetpack_social_options":{"image_generator_settings":{"template":"highway","default_image_id":0,"enabled":false},"version":2}},"categories":[1,2,2852,3],"tags":[20,4973,388,4972,13],"class_list":["post-11558","post","type-post","status-publish","format-standard","has-post-thumbnail","hentry","category-diario-armstrong","category-locales","category-policiales","category-region","tag-armstrong","tag-de-correa","tag-region-2","tag-robo-y-destrozos-en-pena-el-amanecer","tag-y"],"jetpack_publicize_connections":[],"jetpack_featured_media_url":"https:\/\/armstrongyregion.com.ar\/diario\/wp-content\/uploads\/2017\/02\/Pe\u00f1a-amanecer.jpg","jetpack_shortlink":"https:\/\/wp.me\/p62QDO-30q","jetpack_sharing_enabled":true,"amp_enabled":true,"_links":{"self":[{"href":"https:\/\/armstrongyregion.com.ar\/diario\/wp-json\/wp\/v2\/posts\/11558","targetHints":{"allow":["GET"]}}],"collection":[{"href":"https:\/\/armstrongyregion.com.ar\/diario\/wp-json\/wp\/v2\/posts"}],"about":[{"href":"https:\/\/armstrongyregion.com.ar\/diario\/wp-json\/wp\/v2\/types\/post"}],"author":[{"embeddable":true,"href":"https:\/\/armstrongyregion.com.ar\/diario\/wp-json\/wp\/v2\/users\/1"}],"replies":[{"embeddable":true,"href":"https:\/\/armstrongyregion.com.ar\/diario\/wp-json\/wp\/v2\/comments?post=11558"}],"version-history":[{"count":0,"href":"https:\/\/armstrongyregion.com.ar\/diario\/wp-json\/wp\/v2\/posts\/11558\/revisions"}],"wp:featuredmedia":[{"embeddable":true,"href":"https:\/\/armstrongyregion.com.ar\/diario\/wp-json\/wp\/v2\/media\/11559"}],"wp:attachment":[{"href":"https:\/\/armstrongyregion.com.ar\/diario\/wp-json\/wp\/v2\/media?parent=11558"}],"wp:term":[{"taxonomy":"category","embeddable":true,"href":"https:\/\/armstrongyregion.com.ar\/diario\/wp-json\/wp\/v2\/categories?post=11558"},{"taxonomy":"post_tag","embeddable":true,"href":"https:\/\/armstrongyregion.com.ar\/diario\/wp-json\/wp\/v2\/tags?post=11558"}],"curies":[{"name":"wp","href":"https:\/\/api.w.org\/{rel}","templated":true}]}}