{"id":11555,"date":"2017-02-02T00:48:14","date_gmt":"2017-02-02T00:48:14","guid":{"rendered":"https:\/\/armstrongyregion.com.ar\/diario\/?p=11555"},"modified":"2017-02-13T19:44:29","modified_gmt":"2017-02-13T19:44:29","slug":"rostagno-seguire-trabajando-para-que-se-logre-una-ciudad-mas-inclusiva","status":"publish","type":"post","link":"https:\/\/armstrongyregion.com.ar\/diario\/rostagno-seguire-trabajando-para-que-se-logre-una-ciudad-mas-inclusiva\/","title":{"rendered":"Rostagno: \u201cSeguir\u00e9 trabajando para que se logre una ciudad m\u00e1s inclusiva\u201d."},"content":{"rendered":"<p><a href=\"http:\/\/armstrongyregion.com.ar\/diario\/wp-content\/uploads\/2017\/02\/rostagno-1-.jpg\"><img loading=\"lazy\" decoding=\"async\" src=\"http:\/\/armstrongyregion.com.ar\/diario\/wp-content\/uploads\/2017\/02\/rostagno-1--300x223.jpg\" alt=\"rostagno-1-armstrong-region-\" width=\"300\" height=\"223\" class=\"alignnone size-medium wp-image-11556\" srcset=\"https:\/\/armstrongyregion.com.ar\/diario\/wp-content\/uploads\/2017\/02\/rostagno-1--300x223.jpg 300w, https:\/\/armstrongyregion.com.ar\/diario\/wp-content\/uploads\/2017\/02\/rostagno-1--1024x762.jpg 1024w\" sizes=\"auto, (max-width: 300px) 100vw, 300px\" \/><\/a>El d\u00eda martes 31 de enero, el concejal Rostagno se reuni\u00f3 con el gobernador y el Secretario de Municipios y Comunas.<br \/>\nEn dialogo con nuestro medio expres\u00f3: \u201cme reun\u00ed con el se\u00f1or Gobernador de la provincia de Santa Fe Ingeniero Miguel Lifschitz y con el Sub-Secretario de Regiones, Municipios y Comunas Dr. Lisandro D\u2019Anna, en una audiencia pautada con anterioridad, en la cual realic\u00e9 gestiones sobre algunas cuestiones que resultan primordiales para el desarrollo de nuestra ciudad.<br \/>\nEn primer lugar solicit\u00e9 la inclusi\u00f3n de Armstrong en alguno de los planes provinciales de vivienda, pues es impostergable, la necesidad de saldar el d\u00e9ficit habitacional con el que contamos actualmente y es un sector en el que no hemos recibido ninguna obra de relevancia\u201d.<br \/>\nEl edil agreg\u00f3: \u201cTambi\u00e9n buscamos la inclusi\u00f3n del distrito en un plan de seguridad integral que contempla la instalaci\u00f3n de c\u00e1maras y estaci\u00f3n de monitoreo en un n\u00famero que, sumado a las ya existentes, permita una acci\u00f3n eficaz en la prevenci\u00f3n del delito. &#8211; Por \u00faltimo- plante\u00e9 la necesidad de acelerar la obra de desag\u00fces pluviales de calle Paraguay y Ruta Nac. N\u00ba9, la cual lleva un a\u00f1o desde su anuncio y a\u00fan no se vislumbra fecha de inicio de la misma, como as\u00ed tambi\u00e9n se contemplen fondos provinciales para infraestructura que permita evitar inundaciones en las dem\u00e1s zonas que padecen anegamiento en nuestra ciudad.<br \/>\nRostagno finaliz\u00f3: \u201cComo corolario de esta gesti\u00f3n podemos destacar la muy buena predisposici\u00f3n del Sr Gobernador y del resto de los funcionarios provinciales, quedamos satisfechos con lo realizado, con la respuesta recibida y en lo personal siento la satisfacci\u00f3n de saber que cumplo con la funci\u00f3n de representar a los ciudadanos de Armstrong desde la banca de concejal con la cual he sido honrado, seguir\u00e9 trabajando para lograr una ciudad m\u00e1s inclusiva\u201d.<\/p>\n","protected":false},"excerpt":{"rendered":"<p>El d\u00eda martes 31 de enero, el concejal Rostagno se reuni\u00f3 con el gobernador y el Secretario de Municipios y Comunas. En dialogo con nuestro medio expres\u00f3: \u201cme reun\u00ed con el se\u00f1or Gobernador de la provincia de Santa Fe Ingeniero Miguel Lifschitz y con el Sub-Secretario de Regiones, Municipios y Comunas Dr. Lisandro D\u2019Anna, en <a href=\"https:\/\/armstrongyregion.com.ar\/diario\/rostagno-seguire-trabajando-para-que-se-logre-una-ciudad-mas-inclusiva\/\" title=\"Read more\" >&#8230;<\/a><\/p>\n","protected":false},"author":1,"featured_media":11556,"comment_status":"open","ping_status":"open","sticky":false,"template":"","format":"standard","meta":{"_jetpack_memberships_contains_paid_content":false,"footnotes":"","jetpack_publicize_message":"","jetpack_publicize_feature_enabled":true,"jetpack_social_post_already_shared":false,"jetpack_social_options":{"image_generator_settings":{"template":"highway","default_image_id":0,"enabled":false},"version":2}},"categories":[1,2,7,3],"tags":[20,388,4971],"class_list":["post-11555","post","type-post","status-publish","format-standard","has-post-thumbnail","hentry","category-diario-armstrong","category-locales","category-politica","category-region","tag-armstrong","tag-region-2","tag-rostagno-seguire-trabajando-para-que-se-logre-una-ciudad-mas-inclusiva"],"jetpack_publicize_connections":[],"jetpack_featured_media_url":"https:\/\/armstrongyregion.com.ar\/diario\/wp-content\/uploads\/2017\/02\/rostagno-1-.jpg","jetpack_shortlink":"https:\/\/wp.me\/p62QDO-30n","jetpack_sharing_enabled":true,"amp_enabled":true,"_links":{"self":[{"href":"https:\/\/armstrongyregion.com.ar\/diario\/wp-json\/wp\/v2\/posts\/11555","targetHints":{"allow":["GET"]}}],"collection":[{"href":"https:\/\/armstrongyregion.com.ar\/diario\/wp-json\/wp\/v2\/posts"}],"about":[{"href":"https:\/\/armstrongyregion.com.ar\/diario\/wp-json\/wp\/v2\/types\/post"}],"author":[{"embeddable":true,"href":"https:\/\/armstrongyregion.com.ar\/diario\/wp-json\/wp\/v2\/users\/1"}],"replies":[{"embeddable":true,"href":"https:\/\/armstrongyregion.com.ar\/diario\/wp-json\/wp\/v2\/comments?post=11555"}],"version-history":[{"count":0,"href":"https:\/\/armstrongyregion.com.ar\/diario\/wp-json\/wp\/v2\/posts\/11555\/revisions"}],"wp:featuredmedia":[{"embeddable":true,"href":"https:\/\/armstrongyregion.com.ar\/diario\/wp-json\/wp\/v2\/media\/11556"}],"wp:attachment":[{"href":"https:\/\/armstrongyregion.com.ar\/diario\/wp-json\/wp\/v2\/media?parent=11555"}],"wp:term":[{"taxonomy":"category","embeddable":true,"href":"https:\/\/armstrongyregion.com.ar\/diario\/wp-json\/wp\/v2\/categories?post=11555"},{"taxonomy":"post_tag","embeddable":true,"href":"https:\/\/armstrongyregion.com.ar\/diario\/wp-json\/wp\/v2\/tags?post=11555"}],"curies":[{"name":"wp","href":"https:\/\/api.w.org\/{rel}","templated":true}]}}