{"id":11533,"date":"2017-01-30T15:15:31","date_gmt":"2017-01-30T15:15:31","guid":{"rendered":"https:\/\/armstrongyregion.com.ar\/diario\/?p=11533"},"modified":"2017-01-30T15:15:31","modified_gmt":"2017-01-30T15:15:31","slug":"diego-mansilla-evoco-a-jorge-obeid-al-cumplirse-un-nuevo-aniversario-de-su-fallecimiento","status":"publish","type":"post","link":"https:\/\/armstrongyregion.com.ar\/diario\/diego-mansilla-evoco-a-jorge-obeid-al-cumplirse-un-nuevo-aniversario-de-su-fallecimiento\/","title":{"rendered":"Diego Mansilla evoc\u00f3 a Jorge Obeid al cumplirse un nuevo aniversario de su fallecimiento."},"content":{"rendered":"<p><a href=\"http:\/\/armstrongyregion.com.ar\/diario\/wp-content\/uploads\/2017\/01\/jorge-obeid1-.jpg\"><img loading=\"lazy\" decoding=\"async\" src=\"http:\/\/armstrongyregion.com.ar\/diario\/wp-content\/uploads\/2017\/01\/jorge-obeid1--300x169.jpg\" alt=\"jorge-obeid1-\" width=\"300\" height=\"169\" class=\"alignnone size-medium wp-image-11534\" srcset=\"https:\/\/armstrongyregion.com.ar\/diario\/wp-content\/uploads\/2017\/01\/jorge-obeid1--300x169.jpg 300w, https:\/\/armstrongyregion.com.ar\/diario\/wp-content\/uploads\/2017\/01\/jorge-obeid1-.jpg 1024w\" sizes=\"auto, (max-width: 300px) 100vw, 300px\" \/><\/a>\u201cFue un dirigente honesto, apasionado, comprometido\u201d<\/p>\n<p>Al cumplirse, el 28 de enero pasado, el tercer aniversario del fallecimiento del ex gobernador santafesino Jorge Obeid, el diputado del Mercosur Diego Mansilla expres\u00f3 su \u201cenorme reconocimiento a un peronista que fue un gran dirigente sin perder nunca la humildad\u201d.<br \/>\n\u201cJorge Obeid fue uno de los mejores gobernadores que tuvo nuestra provincia. Y fue el que m\u00e1s trabaj\u00f3 por Las Parejas, impulsando obras muy importantes como un nuevo hospital y una nueva escuela t\u00e9cnica; y apoyando siempre nuestro proyecto de desarrollar nuestra agroindustria para generar crecimiento y empleo. \u00c9l fue quien declar\u00f3 a la ciudad como Capital Provincial de la Pyme Agroindustrial\u201d, resalt\u00f3 Mansilla.<br \/>\n\u201cTengo tambi\u00e9n muchos recuerdos personales, de una relaci\u00f3n muy cercana, casi familiar, con Jorge Obeid. Era muy amigo de mi padre, m\u00e1s all\u00e1 de compartir la militancia en el peronismo, el v\u00ednculo que ten\u00edan era muy estrecho, de mucho cari\u00f1o\u201d, a\u00f1adi\u00f3, en alusi\u00f3n a la relaci\u00f3n del ex mandatario provincial con Heraldo Bocha Mansilla, padre y antecesor en la Intendencia de Las Parejas del actual diputado del Mercosur, quien estuvo a cargo del Ejecutivo municipal entre 2012 y 2015.<br \/>\n\u201cCon Marcos Cleri, Josefina Gonz\u00e1lez, Mar\u00eda de los \u00c1ngeles Sacnun, Germ\u00e1n Bacarella y muchos otros dirigentes y militantes de toda la provincia, coincidimos en que Obeid fue un dirigente honesto, apasionado, muy comprometido con los santafesinos y con el peronismo. Por eso es un ejemplo a no olvidar para quienes abrazamos su misma militancia y tenemos el mismo objetivo de garantizar plenos derechos y bienestar para nuestros pueblos\u201d, subray\u00f3 Diego Mansilla, integrante del bloque del Frente para la Victoria en el Parlamento del Mercosur.<\/p>\n","protected":false},"excerpt":{"rendered":"<p>\u201cFue un dirigente honesto, apasionado, comprometido\u201d Al cumplirse, el 28 de enero pasado, el tercer aniversario del fallecimiento del ex gobernador santafesino Jorge Obeid, el diputado del Mercosur Diego Mansilla expres\u00f3 su \u201cenorme reconocimiento a un peronista que fue un gran dirigente sin perder nunca la humildad\u201d. \u201cJorge Obeid fue uno de los mejores gobernadores <a href=\"https:\/\/armstrongyregion.com.ar\/diario\/diego-mansilla-evoco-a-jorge-obeid-al-cumplirse-un-nuevo-aniversario-de-su-fallecimiento\/\" title=\"Read more\" >&#8230;<\/a><\/p>\n","protected":false},"author":1,"featured_media":11534,"comment_status":"open","ping_status":"open","sticky":false,"template":"","format":"standard","meta":{"_jetpack_memberships_contains_paid_content":false,"footnotes":"","jetpack_publicize_message":"","jetpack_publicize_feature_enabled":true,"jetpack_social_post_already_shared":false,"jetpack_social_options":{"image_generator_settings":{"template":"highway","default_image_id":0,"enabled":false},"version":2}},"categories":[1,2,7,3],"tags":[4963],"class_list":["post-11533","post","type-post","status-publish","format-standard","has-post-thumbnail","hentry","category-diario-armstrong","category-locales","category-politica","category-region","tag-diego-mansilla-evoco-a-jorge-obeid-al-cumplirse-un-nuevo-aniversario-de-su-fallecimiento"],"jetpack_publicize_connections":[],"jetpack_featured_media_url":"https:\/\/armstrongyregion.com.ar\/diario\/wp-content\/uploads\/2017\/01\/jorge-obeid1-.jpg","jetpack_shortlink":"https:\/\/wp.me\/p62QDO-301","jetpack_sharing_enabled":true,"amp_enabled":true,"_links":{"self":[{"href":"https:\/\/armstrongyregion.com.ar\/diario\/wp-json\/wp\/v2\/posts\/11533","targetHints":{"allow":["GET"]}}],"collection":[{"href":"https:\/\/armstrongyregion.com.ar\/diario\/wp-json\/wp\/v2\/posts"}],"about":[{"href":"https:\/\/armstrongyregion.com.ar\/diario\/wp-json\/wp\/v2\/types\/post"}],"author":[{"embeddable":true,"href":"https:\/\/armstrongyregion.com.ar\/diario\/wp-json\/wp\/v2\/users\/1"}],"replies":[{"embeddable":true,"href":"https:\/\/armstrongyregion.com.ar\/diario\/wp-json\/wp\/v2\/comments?post=11533"}],"version-history":[{"count":0,"href":"https:\/\/armstrongyregion.com.ar\/diario\/wp-json\/wp\/v2\/posts\/11533\/revisions"}],"wp:featuredmedia":[{"embeddable":true,"href":"https:\/\/armstrongyregion.com.ar\/diario\/wp-json\/wp\/v2\/media\/11534"}],"wp:attachment":[{"href":"https:\/\/armstrongyregion.com.ar\/diario\/wp-json\/wp\/v2\/media?parent=11533"}],"wp:term":[{"taxonomy":"category","embeddable":true,"href":"https:\/\/armstrongyregion.com.ar\/diario\/wp-json\/wp\/v2\/categories?post=11533"},{"taxonomy":"post_tag","embeddable":true,"href":"https:\/\/armstrongyregion.com.ar\/diario\/wp-json\/wp\/v2\/tags?post=11533"}],"curies":[{"name":"wp","href":"https:\/\/api.w.org\/{rel}","templated":true}]}}