{"id":11511,"date":"2017-01-29T20:12:18","date_gmt":"2017-01-29T20:12:18","guid":{"rendered":"https:\/\/armstrongyregion.com.ar\/diario\/?p=11511"},"modified":"2017-01-29T20:12:18","modified_gmt":"2017-01-29T20:12:18","slug":"los-caminos-del-acordeon-se-presento-en-cosquin-y-corrientes-con-reconocimiento-del-publico-y-la-prensa","status":"publish","type":"post","link":"https:\/\/armstrongyregion.com.ar\/diario\/los-caminos-del-acordeon-se-presento-en-cosquin-y-corrientes-con-reconocimiento-del-publico-y-la-prensa\/","title":{"rendered":"\u201cLos Caminos del Acorde\u00f3n\u201d se present\u00f3 en Cosqu\u00edn y Corrientes, con reconocimiento del p\u00fablico y la prensa."},"content":{"rendered":"<p><a href=\"http:\/\/armstrongyregion.com.ar\/diario\/wp-content\/uploads\/2017\/01\/giaccone-cosquin-.jpg\"><img loading=\"lazy\" decoding=\"async\" src=\"http:\/\/armstrongyregion.com.ar\/diario\/wp-content\/uploads\/2017\/01\/giaccone-cosquin--300x240.jpg\" alt=\"giaccone-cosquin-\" width=\"300\" height=\"240\" class=\"alignnone size-medium wp-image-11512\" srcset=\"https:\/\/armstrongyregion.com.ar\/diario\/wp-content\/uploads\/2017\/01\/giaccone-cosquin--300x240.jpg 300w, https:\/\/armstrongyregion.com.ar\/diario\/wp-content\/uploads\/2017\/01\/giaccone-cosquin-.jpg 602w\" sizes=\"auto, (max-width: 300px) 100vw, 300px\" \/><\/a>El audiovisual producido por el Ente Cultural Santafesino y la Diputada Provincial Claudia Giaccone, fue exhibido simult\u00e1neamente en el 57\u00b0 Festival Nacional de Folklore, y la 27\u00aa Fiesta Nacional del Chamam\u00e9-13\u00aa. Fiesta del Chamam\u00e9 del Mercosur.<br \/>\nEl audiovisual producido por el Ente Cultural Santafesino y la Diputada Provincial Claudia Giaccone, fue exhibido simult\u00e1neamente en el 57\u00b0 Festival Nacional de Folklore, y la 27\u00aa Fiesta Nacional del Chamam\u00e9-13\u00aa. Fiesta del Chamam\u00e9 del Mercosur, con reconocimiento del p\u00fablico y medios de prensa asistentes, que destacaron el mensaje de integraci\u00f3n,  inclusi\u00f3n y difusi\u00f3n cultural, a la par de la calidad del material expuesto.<\/p>\n<p>Grabado en escenarios naturales e hist\u00f3ricos, en Villa Ana y Villa Guillermina, en noviembre 2016, el video presentado es \u201cuna fuerte promoci\u00f3n de lo que es Santa Fe, en su paisaje, su historia, su cultura.  El acorde\u00f3n, en este caso vinculado al chamam\u00e9, nos permite salir a mostrar nuestros artistas, nuestro ser, nuestras fortalezas. En resumen, nuestro patrimonio cultural que es lo que defendemos\u201d.<\/p>\n<p>\u201cEstas proyecciones realizadas en dos eventos de reconocimientos internacional como son el de Cosqu\u00edn y el de Corrientes, son un comienzo de una intensa actividad pensada para 2017\u201d, expresa Giaccone. \u201cAgregamos as\u00ed un eslab\u00f3n m\u00e1s de esta cadena de asociatividad que es el Ente Cultural Santafesino, donde podremos ir presentando sus programas en estas dos ciudades festivaleras, y durante todo el a\u00f1o. De esta manera brindaremos otros escenarios, y  de renombre, a nuestros bailarines, cantores, m\u00fasicos, y diversas expresiones de la cultura de nuestra provincia\u201d.<\/p>\n<p>Tambi\u00e9n inform\u00f3 la legisladora que el pr\u00f3ximo mes de marzo, enmarcados en el15\u00ba Festival del Acorde\u00f3n &#8211; 13\u00ba Competitivo que se organiza en la ciudad de San Jorge, se estar\u00edan tomando las im\u00e1genes para una segunda pel\u00edcula de \u201cLos Caminos del Acorde\u00f3n\u201d, con participaci\u00f3n de m\u00fasicos del sur santafesino y estilos ligados a la inmigraci\u00f3n en nuestro pa\u00eds.<\/p>\n<p>\u201cEl Ente Cultural Santafesino es un camino \u00fanico en Argentina, de participaci\u00f3n cooperativa y horizontal, y sobre todo muy federal; que viene a sumar, nunca a competir sino a agregar oportunidades, ya que cuando se trabaja regionalmente se multiplican las posibilidades para los gestores culturales, dando visibilidad a muchos artistas que viven en comunidades peque\u00f1as en poblaci\u00f3n\u201d, expresa Giaccone.<\/p>\n<p>La exhibici\u00f3n en territorio santafesino de \u201cLos Caminos del Acorde\u00f3n\u201d comenzar\u00e1 este 18 de febrero durante el Festival del Quebracho, en Villa Ana; para seguir en San Jorge el 24 de marzo, y luego exponi\u00e9ndola en las poblaciones de cada acordeonista participante, para finalmente difundir para que sea vista en la mayor cantidad de comunidades de la bota.<\/p>\n<p>Las im\u00e1genes. La grabaci\u00f3n de audio e im\u00e1genes, y la edici\u00f3n y compaginaci\u00f3n final estuvo a cargo de Punto HD Producciones, de la ciudad de Reconquista.<\/p>\n<p>En Cosqu\u00edn. Como preludio de la puesta en pantalla el m\u00fasico Mario Ram\u00edrez, de Malabrigo y participante en el audiovisual, ameniz\u00f3 con su acorde\u00f3n y acompa\u00f1amiento de guitarra.<br \/>\nEn Corrientes. En representaci\u00f3n de la Diputada Giaccone estuvo el referente cultural Ra\u00fal R\u00edos \u2013nacido en Alejandra y residente actualmente en Las Parejas-, junto al Presidente Comunal de Villa Guillermina Roque Ch\u00e1vez, y Sergio Mosquen, integrante de Punto HD.<\/p>\n","protected":false},"excerpt":{"rendered":"<p>El audiovisual producido por el Ente Cultural Santafesino y la Diputada Provincial Claudia Giaccone, fue exhibido simult\u00e1neamente en el 57\u00b0 Festival Nacional de Folklore, y la 27\u00aa Fiesta Nacional del Chamam\u00e9-13\u00aa. Fiesta del Chamam\u00e9 del Mercosur. El audiovisual producido por el Ente Cultural Santafesino y la Diputada Provincial Claudia Giaccone, fue exhibido simult\u00e1neamente en el <a href=\"https:\/\/armstrongyregion.com.ar\/diario\/los-caminos-del-acordeon-se-presento-en-cosquin-y-corrientes-con-reconocimiento-del-publico-y-la-prensa\/\" title=\"Read more\" >&#8230;<\/a><\/p>\n","protected":false},"author":1,"featured_media":11512,"comment_status":"open","ping_status":"open","sticky":false,"template":"","format":"standard","meta":{"_jetpack_memberships_contains_paid_content":false,"footnotes":"","jetpack_publicize_message":"","jetpack_publicize_feature_enabled":true,"jetpack_social_post_already_shared":false,"jetpack_social_options":{"image_generator_settings":{"template":"highway","default_image_id":0,"enabled":false},"version":2}},"categories":[6,1,2819,2,3],"tags":[4954,4955],"class_list":["post-11511","post","type-post","status-publish","format-standard","has-post-thumbnail","hentry","category-cultura-entretenimiento","category-diario-armstrong","category-el-pais","category-locales","category-region","tag-los-caminos-del-acordeon-se-presento-en-cosquin-y-corrientes","tag-con-reconocimiento-del-publico-y-la-prensa"],"jetpack_publicize_connections":[],"jetpack_featured_media_url":"https:\/\/armstrongyregion.com.ar\/diario\/wp-content\/uploads\/2017\/01\/giaccone-cosquin-.jpg","jetpack_shortlink":"https:\/\/wp.me\/p62QDO-2ZF","jetpack_sharing_enabled":true,"amp_enabled":true,"_links":{"self":[{"href":"https:\/\/armstrongyregion.com.ar\/diario\/wp-json\/wp\/v2\/posts\/11511","targetHints":{"allow":["GET"]}}],"collection":[{"href":"https:\/\/armstrongyregion.com.ar\/diario\/wp-json\/wp\/v2\/posts"}],"about":[{"href":"https:\/\/armstrongyregion.com.ar\/diario\/wp-json\/wp\/v2\/types\/post"}],"author":[{"embeddable":true,"href":"https:\/\/armstrongyregion.com.ar\/diario\/wp-json\/wp\/v2\/users\/1"}],"replies":[{"embeddable":true,"href":"https:\/\/armstrongyregion.com.ar\/diario\/wp-json\/wp\/v2\/comments?post=11511"}],"version-history":[{"count":0,"href":"https:\/\/armstrongyregion.com.ar\/diario\/wp-json\/wp\/v2\/posts\/11511\/revisions"}],"wp:featuredmedia":[{"embeddable":true,"href":"https:\/\/armstrongyregion.com.ar\/diario\/wp-json\/wp\/v2\/media\/11512"}],"wp:attachment":[{"href":"https:\/\/armstrongyregion.com.ar\/diario\/wp-json\/wp\/v2\/media?parent=11511"}],"wp:term":[{"taxonomy":"category","embeddable":true,"href":"https:\/\/armstrongyregion.com.ar\/diario\/wp-json\/wp\/v2\/categories?post=11511"},{"taxonomy":"post_tag","embeddable":true,"href":"https:\/\/armstrongyregion.com.ar\/diario\/wp-json\/wp\/v2\/tags?post=11511"}],"curies":[{"name":"wp","href":"https:\/\/api.w.org\/{rel}","templated":true}]}}