{"id":11505,"date":"2017-01-28T02:11:50","date_gmt":"2017-01-28T02:11:50","guid":{"rendered":"https:\/\/armstrongyregion.com.ar\/diario\/?p=11505"},"modified":"2017-01-28T02:11:50","modified_gmt":"2017-01-28T02:11:50","slug":"reunion-de-analisis-y-planificacion-en-seguridad-2017","status":"publish","type":"post","link":"https:\/\/armstrongyregion.com.ar\/diario\/reunion-de-analisis-y-planificacion-en-seguridad-2017\/","title":{"rendered":"Reuni\u00f3n de An\u00e1lisis y Planificaci\u00f3n en Seguridad 2017."},"content":{"rendered":"<p><a href=\"http:\/\/armstrongyregion.com.ar\/diario\/wp-content\/uploads\/2017\/01\/Lifschitz1-.jpg\"><img loading=\"lazy\" decoding=\"async\" src=\"http:\/\/armstrongyregion.com.ar\/diario\/wp-content\/uploads\/2017\/01\/Lifschitz1--300x191.jpg\" alt=\"Lifschitz1-\" width=\"300\" height=\"191\" class=\"alignnone size-medium wp-image-11506\" srcset=\"https:\/\/armstrongyregion.com.ar\/diario\/wp-content\/uploads\/2017\/01\/Lifschitz1--300x191.jpg 300w, https:\/\/armstrongyregion.com.ar\/diario\/wp-content\/uploads\/2017\/01\/Lifschitz1--1024x651.jpg 1024w\" sizes=\"auto, (max-width: 300px) 100vw, 300px\" \/><\/a>El Gobernador Miguel Lifschitz y el Ministro de Seguridad Maximiliano Pullaro convocaron a una reuni\u00f3n para la Planificaci\u00f3n Anual de las Jefaturas de Unidad Regional y de Polic\u00edas Especiales (P Comunitaria, PAT, PDI, DGPCA, DGGR, ATP, PSV y TOE). El encuentro se desarroll\u00f3 en la ciudad de Rosario entre jueves y viernes, y participaron todos los jefes policiales de las distintas Unidades y divisiones especiales de la Polic\u00eda de la Provincia de Santa Fe. La apertura estuvo a cargo del gobernador de la provincia junto al ministro y el jefe de Polic\u00eda Director General Jos\u00e9 Luis Amaya y tras las palabras de bienvenida, comenz\u00f3 una ronda de exposiciones por parte de cada uno de los participantes donde se present\u00f3 el trabajo hecho hasta el momento y las metas fijadas para el 2017.<br \/>\nAdem\u00e1s de los funcionarios policiales tambi\u00e9n participaron miembros del equipo del ministro Pullaro. Estuvieron presentes el secretario de Seguridad P\u00fablica, Comandante Omar Pereyra, el director de Seguridad Comandante Roque De Lima y el secretario de An\u00e1lisis y Articulaci\u00f3n de<br \/>\nProcesos, Eduardo Estevez. Este \u00faltimo junto a expertos de su \u00e1rea, hicieron las veces de anfitriones el jueves por la tarde, cuando el grupo realiz\u00f3 una visita a las instalaciones de \u201cEl Ojo\u201d. El Centro de Monitoreo Provincial va a ser el m\u00e1s avanzado de Am\u00e9rica Latina y actualmente se encuentra en construcci\u00f3n dentro del edificio de la sede de gobierno en Rosario.<br \/>\nDurante las jornadas se evalu\u00f3 la situaci\u00f3n de seguridad, los recursos existentes y necesarios, el estado, fortalezas, debilidades y requerimientos de las dependencias policiales. A partir de los datos y el an\u00e1lisis se fijaron las acciones para este a\u00f1o con respecto a seguir mejorando la seguridad en la provincia y hacer de la Polic\u00eda de la Provincia de Santa Fe una de las mejores y m\u00e1s avanzadas del pa\u00eds.<\/p>\n","protected":false},"excerpt":{"rendered":"<p>El Gobernador Miguel Lifschitz y el Ministro de Seguridad Maximiliano Pullaro convocaron a una reuni\u00f3n para la Planificaci\u00f3n Anual de las Jefaturas de Unidad Regional y de Polic\u00edas Especiales (P Comunitaria, PAT, PDI, DGPCA, DGGR, ATP, PSV y TOE). El encuentro se desarroll\u00f3 en la ciudad de Rosario entre jueves y viernes, y participaron todos <a href=\"https:\/\/armstrongyregion.com.ar\/diario\/reunion-de-analisis-y-planificacion-en-seguridad-2017\/\" title=\"Read more\" >&#8230;<\/a><\/p>\n","protected":false},"author":1,"featured_media":11506,"comment_status":"open","ping_status":"open","sticky":false,"template":"","format":"standard","meta":{"_jetpack_memberships_contains_paid_content":false,"footnotes":"","jetpack_publicize_message":"","jetpack_publicize_feature_enabled":true,"jetpack_social_post_already_shared":false,"jetpack_social_options":{"image_generator_settings":{"template":"highway","default_image_id":0,"enabled":false},"version":2}},"categories":[1,2,3],"tags":[4952],"class_list":["post-11505","post","type-post","status-publish","format-standard","has-post-thumbnail","hentry","category-diario-armstrong","category-locales","category-region","tag-reunion-de-analisis-y-planificacion-en-seguridad-2017"],"jetpack_publicize_connections":[],"jetpack_featured_media_url":"https:\/\/armstrongyregion.com.ar\/diario\/wp-content\/uploads\/2017\/01\/Lifschitz1-.jpg","jetpack_shortlink":"https:\/\/wp.me\/p62QDO-2Zz","jetpack_sharing_enabled":true,"amp_enabled":true,"_links":{"self":[{"href":"https:\/\/armstrongyregion.com.ar\/diario\/wp-json\/wp\/v2\/posts\/11505","targetHints":{"allow":["GET"]}}],"collection":[{"href":"https:\/\/armstrongyregion.com.ar\/diario\/wp-json\/wp\/v2\/posts"}],"about":[{"href":"https:\/\/armstrongyregion.com.ar\/diario\/wp-json\/wp\/v2\/types\/post"}],"author":[{"embeddable":true,"href":"https:\/\/armstrongyregion.com.ar\/diario\/wp-json\/wp\/v2\/users\/1"}],"replies":[{"embeddable":true,"href":"https:\/\/armstrongyregion.com.ar\/diario\/wp-json\/wp\/v2\/comments?post=11505"}],"version-history":[{"count":0,"href":"https:\/\/armstrongyregion.com.ar\/diario\/wp-json\/wp\/v2\/posts\/11505\/revisions"}],"wp:featuredmedia":[{"embeddable":true,"href":"https:\/\/armstrongyregion.com.ar\/diario\/wp-json\/wp\/v2\/media\/11506"}],"wp:attachment":[{"href":"https:\/\/armstrongyregion.com.ar\/diario\/wp-json\/wp\/v2\/media?parent=11505"}],"wp:term":[{"taxonomy":"category","embeddable":true,"href":"https:\/\/armstrongyregion.com.ar\/diario\/wp-json\/wp\/v2\/categories?post=11505"},{"taxonomy":"post_tag","embeddable":true,"href":"https:\/\/armstrongyregion.com.ar\/diario\/wp-json\/wp\/v2\/tags?post=11505"}],"curies":[{"name":"wp","href":"https:\/\/api.w.org\/{rel}","templated":true}]}}