{"id":11496,"date":"2017-01-27T04:06:46","date_gmt":"2017-01-27T04:06:46","guid":{"rendered":"https:\/\/armstrongyregion.com.ar\/diario\/?p=11496"},"modified":"2017-01-27T04:06:46","modified_gmt":"2017-01-27T04:06:46","slug":"se-incendio-un-colectivo-de-pasajeros-cerca-de-casilda","status":"publish","type":"post","link":"https:\/\/armstrongyregion.com.ar\/diario\/se-incendio-un-colectivo-de-pasajeros-cerca-de-casilda\/","title":{"rendered":"Se incendi\u00f3 un colectivo de pasajeros cerca de Casilda."},"content":{"rendered":"<p><a href=\"http:\/\/armstrongyregion.com.ar\/diario\/wp-content\/uploads\/2017\/01\/micro_quemado_casilda_6.jpg_1305449671.jpg\"><img loading=\"lazy\" decoding=\"async\" src=\"http:\/\/armstrongyregion.com.ar\/diario\/wp-content\/uploads\/2017\/01\/micro_quemado_casilda_6.jpg_1305449671-300x168.jpg\" alt=\"micro_quemado_casilda_6.jpg_1305449671\" width=\"300\" height=\"168\" class=\"alignnone size-medium wp-image-11497\" srcset=\"https:\/\/armstrongyregion.com.ar\/diario\/wp-content\/uploads\/2017\/01\/micro_quemado_casilda_6.jpg_1305449671-300x168.jpg 300w, https:\/\/armstrongyregion.com.ar\/diario\/wp-content\/uploads\/2017\/01\/micro_quemado_casilda_6.jpg_1305449671.jpg 847w\" sizes=\"auto, (max-width: 300px) 100vw, 300px\" \/><\/a>El micro de la empresa Monticas se quem\u00f3 completamente cuando transitaba por la ruta 33 rumbo a Corral de Bustos. El chofer intent\u00f3 apagar las llamas con un matafuegos pero no lo logr\u00f3. Ning\u00fan pasajero result\u00f3 herido.<br \/>\nUn micro de pasajeros de la empresa Monticas, que cumpl\u00eda con el servicio Rosario-Corral de Bustos, se incendi\u00f3 completamente al costado de la ruta nacional 33, cerca del peaje de Casilda. No hubo personas afectadas por el siniestro, informaron desde la firma.<\/p>\n<p>Despu\u00e9s del siniestro, Monticas emiti\u00f3 un comunicado en el que explica que \u201cen cercan\u00edas al peaje de la localidad de Casilda, se inici\u00f3 fuego en uno de los colectivos de la l\u00ednea\u201d.<\/p>\n<p>\u201cSe trata del interno 202, modelo 2012, que cumpl\u00eda con el servicio Rosario-Corral de Bustos, de las 12.30 hs.\u201d, agregaron las autoridades de la empresa.<\/p>\n<p> Aclararon que \u201cno se registraron heridos ni da\u00f1os en los pasajeros, que fueron todos traslados con otra unidad de la empresa, el interno 3607, para continuar con el servicio\u201d.<\/p>\n<p>Tambi\u00e9n detallaron que \u201cel chofer del colectivo quiso apagar el incendio con el matafuegos pero no pudo sofocarlo\u201d. Y relataron que \u201caun no se conocen las causas por las cuales se gener\u00f3 el fuego\u201d.<\/p>\n<p>Trabajaron en el lugar los Bomberos Voluntario de Casilda, que al cabo de algunos momentos controlaron las llamas, aunque los da\u00f1os materiales fueron totales.<br \/>\nRosario3.com<\/p>\n","protected":false},"excerpt":{"rendered":"<p>El micro de la empresa Monticas se quem\u00f3 completamente cuando transitaba por la ruta 33 rumbo a Corral de Bustos. El chofer intent\u00f3 apagar las llamas con un matafuegos pero no lo logr\u00f3. Ning\u00fan pasajero result\u00f3 herido. Un micro de pasajeros de la empresa Monticas, que cumpl\u00eda con el servicio Rosario-Corral de Bustos, se incendi\u00f3 <a href=\"https:\/\/armstrongyregion.com.ar\/diario\/se-incendio-un-colectivo-de-pasajeros-cerca-de-casilda\/\" title=\"Read more\" >&#8230;<\/a><\/p>\n","protected":false},"author":1,"featured_media":11497,"comment_status":"open","ping_status":"open","sticky":false,"template":"","format":"standard","meta":{"_jetpack_memberships_contains_paid_content":false,"footnotes":"","jetpack_publicize_message":"","jetpack_publicize_feature_enabled":true,"jetpack_social_post_already_shared":false,"jetpack_social_options":{"image_generator_settings":{"template":"highway","default_image_id":0,"enabled":false},"version":2}},"categories":[1,3],"tags":[4948],"class_list":["post-11496","post","type-post","status-publish","format-standard","has-post-thumbnail","hentry","category-diario-armstrong","category-region","tag-se-incendio-un-colectivo-de-pasajeros-cerca-de-casilda"],"jetpack_publicize_connections":[],"jetpack_featured_media_url":"https:\/\/armstrongyregion.com.ar\/diario\/wp-content\/uploads\/2017\/01\/micro_quemado_casilda_6.jpg_1305449671.jpg","jetpack_shortlink":"https:\/\/wp.me\/p62QDO-2Zq","jetpack_sharing_enabled":true,"amp_enabled":true,"_links":{"self":[{"href":"https:\/\/armstrongyregion.com.ar\/diario\/wp-json\/wp\/v2\/posts\/11496","targetHints":{"allow":["GET"]}}],"collection":[{"href":"https:\/\/armstrongyregion.com.ar\/diario\/wp-json\/wp\/v2\/posts"}],"about":[{"href":"https:\/\/armstrongyregion.com.ar\/diario\/wp-json\/wp\/v2\/types\/post"}],"author":[{"embeddable":true,"href":"https:\/\/armstrongyregion.com.ar\/diario\/wp-json\/wp\/v2\/users\/1"}],"replies":[{"embeddable":true,"href":"https:\/\/armstrongyregion.com.ar\/diario\/wp-json\/wp\/v2\/comments?post=11496"}],"version-history":[{"count":0,"href":"https:\/\/armstrongyregion.com.ar\/diario\/wp-json\/wp\/v2\/posts\/11496\/revisions"}],"wp:featuredmedia":[{"embeddable":true,"href":"https:\/\/armstrongyregion.com.ar\/diario\/wp-json\/wp\/v2\/media\/11497"}],"wp:attachment":[{"href":"https:\/\/armstrongyregion.com.ar\/diario\/wp-json\/wp\/v2\/media?parent=11496"}],"wp:term":[{"taxonomy":"category","embeddable":true,"href":"https:\/\/armstrongyregion.com.ar\/diario\/wp-json\/wp\/v2\/categories?post=11496"},{"taxonomy":"post_tag","embeddable":true,"href":"https:\/\/armstrongyregion.com.ar\/diario\/wp-json\/wp\/v2\/tags?post=11496"}],"curies":[{"name":"wp","href":"https:\/\/api.w.org\/{rel}","templated":true}]}}