{"id":11490,"date":"2017-01-26T16:31:40","date_gmt":"2017-01-26T16:31:40","guid":{"rendered":"https:\/\/armstrongyregion.com.ar\/diario\/?p=11490"},"modified":"2017-01-26T16:31:40","modified_gmt":"2017-01-26T16:31:40","slug":"se-realizara-una-nueva-apertura-del-buzon-de-la-vida","status":"publish","type":"post","link":"https:\/\/armstrongyregion.com.ar\/diario\/se-realizara-una-nueva-apertura-del-buzon-de-la-vida\/","title":{"rendered":"Se realizar\u00e1 una nueva apertura del Buz\u00f3n de la Vida."},"content":{"rendered":"<p><a href=\"http:\/\/armstrongyregion.com.ar\/diario\/wp-content\/uploads\/2016\/06\/Buzon-vida-.jpg\"><img loading=\"lazy\" decoding=\"async\" src=\"http:\/\/armstrongyregion.com.ar\/diario\/wp-content\/uploads\/2016\/06\/Buzon-vida--300x169.jpg\" alt=\"Buzon-vida-\" width=\"300\" height=\"169\" class=\"alignnone size-medium wp-image-8114\" srcset=\"https:\/\/armstrongyregion.com.ar\/diario\/wp-content\/uploads\/2016\/06\/Buzon-vida--300x169.jpg 300w, https:\/\/armstrongyregion.com.ar\/diario\/wp-content\/uploads\/2016\/06\/Buzon-vida-.jpg 960w\" sizes=\"auto, (max-width: 300px) 100vw, 300px\" \/><\/a>La Municipalidad de Armstrong recuerda a toda la ciudadan\u00eda que el pr\u00f3ximo mi\u00e9rcoles 1 de febrero se realizar\u00e1 la apertura mensual de los Buzones de la Vida: 9,30 hs. en Club Barraca y a las 10 hs. en el municipio.<br \/>\nSe invita a los interesados a depositar su denuncia an\u00f3nima as\u00ed como a asistir a estos actos.<br \/>\nMuchas gracias.<\/p>\n","protected":false},"excerpt":{"rendered":"<p>La Municipalidad de Armstrong recuerda a toda la ciudadan\u00eda que el pr\u00f3ximo mi\u00e9rcoles 1 de febrero se realizar\u00e1 la apertura mensual de los Buzones de la Vida: 9,30 hs. en Club Barraca y a las 10 hs. en el municipio. Se invita a los interesados a depositar su denuncia an\u00f3nima as\u00ed como a asistir a <a href=\"https:\/\/armstrongyregion.com.ar\/diario\/se-realizara-una-nueva-apertura-del-buzon-de-la-vida\/\" title=\"Read more\" >&#8230;<\/a><\/p>\n","protected":false},"author":1,"featured_media":8114,"comment_status":"open","ping_status":"open","sticky":false,"template":"","format":"standard","meta":{"_jetpack_memberships_contains_paid_content":false,"footnotes":"","jetpack_publicize_message":"","jetpack_publicize_feature_enabled":true,"jetpack_social_post_already_shared":false,"jetpack_social_options":{"image_generator_settings":{"template":"highway","default_image_id":0,"enabled":false},"version":2}},"categories":[1,2,7,3],"tags":[4946],"class_list":["post-11490","post","type-post","status-publish","format-standard","has-post-thumbnail","hentry","category-diario-armstrong","category-locales","category-politica","category-region","tag-se-realizara-una-nueva-apertura-del-buzon-de-la-vida"],"jetpack_publicize_connections":[],"jetpack_featured_media_url":"https:\/\/armstrongyregion.com.ar\/diario\/wp-content\/uploads\/2016\/06\/Buzon-vida-.jpg","jetpack_shortlink":"https:\/\/wp.me\/p62QDO-2Zk","jetpack_sharing_enabled":true,"amp_enabled":true,"_links":{"self":[{"href":"https:\/\/armstrongyregion.com.ar\/diario\/wp-json\/wp\/v2\/posts\/11490","targetHints":{"allow":["GET"]}}],"collection":[{"href":"https:\/\/armstrongyregion.com.ar\/diario\/wp-json\/wp\/v2\/posts"}],"about":[{"href":"https:\/\/armstrongyregion.com.ar\/diario\/wp-json\/wp\/v2\/types\/post"}],"author":[{"embeddable":true,"href":"https:\/\/armstrongyregion.com.ar\/diario\/wp-json\/wp\/v2\/users\/1"}],"replies":[{"embeddable":true,"href":"https:\/\/armstrongyregion.com.ar\/diario\/wp-json\/wp\/v2\/comments?post=11490"}],"version-history":[{"count":0,"href":"https:\/\/armstrongyregion.com.ar\/diario\/wp-json\/wp\/v2\/posts\/11490\/revisions"}],"wp:featuredmedia":[{"embeddable":true,"href":"https:\/\/armstrongyregion.com.ar\/diario\/wp-json\/wp\/v2\/media\/8114"}],"wp:attachment":[{"href":"https:\/\/armstrongyregion.com.ar\/diario\/wp-json\/wp\/v2\/media?parent=11490"}],"wp:term":[{"taxonomy":"category","embeddable":true,"href":"https:\/\/armstrongyregion.com.ar\/diario\/wp-json\/wp\/v2\/categories?post=11490"},{"taxonomy":"post_tag","embeddable":true,"href":"https:\/\/armstrongyregion.com.ar\/diario\/wp-json\/wp\/v2\/tags?post=11490"}],"curies":[{"name":"wp","href":"https:\/\/api.w.org\/{rel}","templated":true}]}}