{"id":11472,"date":"2017-01-25T21:15:32","date_gmt":"2017-01-25T21:15:32","guid":{"rendered":"https:\/\/armstrongyregion.com.ar\/diario\/?p=11472"},"modified":"2017-01-25T21:15:32","modified_gmt":"2017-01-25T21:15:32","slug":"contigiani-al-macrismo-van-a-destruir-el-empleo-y-la-industria-nacional","status":"publish","type":"post","link":"https:\/\/armstrongyregion.com.ar\/diario\/contigiani-al-macrismo-van-a-destruir-el-empleo-y-la-industria-nacional\/","title":{"rendered":"Contigiani al macrismo: \u00abVan a destruir el empleo y la industria nacional\u00bb."},"content":{"rendered":"<p><a href=\"http:\/\/armstrongyregion.com.ar\/diario\/wp-content\/uploads\/2017\/01\/Contiggiani.jpg\"><img loading=\"lazy\" decoding=\"async\" src=\"http:\/\/armstrongyregion.com.ar\/diario\/wp-content\/uploads\/2017\/01\/Contiggiani-300x169.jpg\" alt=\"Contiggiani\" width=\"300\" height=\"169\" class=\"alignnone size-medium wp-image-11473\" srcset=\"https:\/\/armstrongyregion.com.ar\/diario\/wp-content\/uploads\/2017\/01\/Contiggiani-300x169.jpg 300w, https:\/\/armstrongyregion.com.ar\/diario\/wp-content\/uploads\/2017\/01\/Contiggiani.jpg 847w\" sizes=\"auto, (max-width: 300px) 100vw, 300px\" \/><\/a>El ministro de la Producci\u00f3n santafesina cruz\u00f3 al secretario de Comercio de la Naci\u00f3n, que neg\u00f3 que el gobierno haya abierto \u00abindiscriminadamente\u00bb las importaciones. Los n\u00fameros del Observatorio provincial.<br \/>\nEl ministro de la Producci\u00f3n de Santa Fe, Luis Contigiani, lanz\u00f3 duras cr\u00edticas contra el secretario de Comercio de la Naci\u00f3n, Miguel Braun, quien afirm\u00f3 que Argentina tiene la econom\u00eda \u00abm\u00e1s cerrada del mundo\u00bb. Manifest\u00f3 que el gobierno nacional aplica \u00abpol\u00edticas para pocos\u00bb y que \u00abno cree en un pa\u00eds industrializado\u00bb. Agreg\u00f3 que las importaciones \u2013que considera en aumento\u2013 y la teor\u00eda del derrame \u00abvan a lograr destruir el empleo y la industria nacional\u00bb. <\/p>\n<p>En di\u00e1logo con Rosario3.com, el funcionario provincial tild\u00f3 como una \u00abcl\u00e1sica visi\u00f3n liberal\u00bb la declaraci\u00f3n de Braun, quien dijo que la falta de importaciones provoca que haya \u00abpoca competencia y que los empresarios se aprovechen de esta situaci\u00f3n\u00bb. \u00abJustifican las importaciones bas\u00e1ndose en la generaci\u00f3n de competitividad. Eso lo ense\u00f1an en los libros y queda muy lindo. En Argentina nunca funcion\u00f3\u00bb, a\u00f1adi\u00f3 Contigiani.<\/p>\n<p>El funcionario provincial consider\u00f3 que \u00abninguna peque\u00f1a o mediana empresa puede competir con productos importados\u00bb. \u00abPara competir con bienes industriales finales de otros pa\u00edses ten\u00e9s que tener costos sist\u00e9micos parecidos al mundo. No te digo a Asia que ya no se puede competir, te apunto a Brasil. \u00bfC\u00f3mo hac\u00e9s que compitan si tienen la energ\u00eda y los combustibles m\u00e1s caros de la regi\u00f3n?\u00bb, coment\u00f3.<\/p>\n<p>Para el ministro, el gobierno nacional exhibe super\u00e1vit en la balanza comercial porque \u00abbajaron tres items de las importaciones: combustibles, bienes intermedios y piezas para bienes de capital\u00bb. \u00abPero subieron en productos finales que impactaron en nuestra provincia, en la l\u00ednea blanca, en el rubro de calzados, metalmec\u00e1nica, de maquinaria agr\u00edcola, de alimentos, textiles. Todo esto en un contexto de recesi\u00f3n\u00bb, subray\u00f3. <\/p>\n<p>\u00abEn el fondo no creen en una Argentina industrializada. Para ellos lo m\u00e1s barato es traer todo de afuera. Ahora, que me digan qu\u00e9 hacemos con los millones de personas que quedan afuera de las oportunidades econ\u00f3micas y de integraci\u00f3n\u00bb, indic\u00f3.<\/p>\n<p>Contigiani opin\u00f3 que al pa\u00eds le conviene \u00abdesarrollo industrial, expansi\u00f3n interna, m\u00e1s trabajo registrado y mejorar los costos log\u00edsticos y externos\u00bb. \u00abEl mundo est\u00e1 complejo. El capitalismo que ellos abrazan (Cambiemos) hoy es m\u00e1s proteccionista, como en el caso de Estados Unidos con Donald Trump, seg\u00fan sus anuncios. Asia apoya el libre comercio porque necesita exportar\u00bb, dispar\u00f3.<\/p>\n<p>\u00abEl mundo no est\u00e1 para la ortodoxia econ\u00f3mica\u00bb, remarc\u00f3 el titular de la cartera de la Producci\u00f3n.<\/p>\n<p>Los n\u00fameros de las importaciones<\/p>\n<p>Este medio pudo acceder al nuevo informe que dar\u00e1 a conocer el Observatorio de las Importaciones de la provincia \u2013el primero de este a\u00f1o y el s\u00e9ptimo del organismo\u2013, que est\u00e1 integrado por t\u00e9cnicos del Ministerio de la Producci\u00f3n y de los industriales de Fisfe. <\/p>\n<p>Entre enero y diciembre del a\u00f1o pasado, creci\u00f3 un 33,5 por ciento la cantidad de veh\u00edculos automotores de pasajeros importados y 9,1 por ciento los bienes de consumo. <\/p>\n<p>Entre 2015 y 2016, hubo alzas alarmantes en electrodom\u00e9sticos y l\u00ednea blanca que llegaron hasta 1.793 por ciento, como es el caso de las exhibidoras. Este rubro como el de calzados tuvieron impacto en las empresas de producci\u00f3n provincial.<br \/>\nEn el ingreso de muebles extranjeros se registraron subas de hasta el 81 por ciento, en los de dormitorios.<br \/>\nFuente: Rosario3<\/p>\n","protected":false},"excerpt":{"rendered":"<p>El ministro de la Producci\u00f3n santafesina cruz\u00f3 al secretario de Comercio de la Naci\u00f3n, que neg\u00f3 que el gobierno haya abierto \u00abindiscriminadamente\u00bb las importaciones. Los n\u00fameros del Observatorio provincial. El ministro de la Producci\u00f3n de Santa Fe, Luis Contigiani, lanz\u00f3 duras cr\u00edticas contra el secretario de Comercio de la Naci\u00f3n, Miguel Braun, quien afirm\u00f3 que <a href=\"https:\/\/armstrongyregion.com.ar\/diario\/contigiani-al-macrismo-van-a-destruir-el-empleo-y-la-industria-nacional\/\" title=\"Read more\" >&#8230;<\/a><\/p>\n","protected":false},"author":1,"featured_media":11473,"comment_status":"open","ping_status":"open","sticky":false,"template":"","format":"standard","meta":{"_jetpack_memberships_contains_paid_content":false,"footnotes":"","jetpack_publicize_message":"","jetpack_publicize_feature_enabled":true,"jetpack_social_post_already_shared":false,"jetpack_social_options":{"image_generator_settings":{"template":"highway","default_image_id":0,"enabled":false},"version":2}},"categories":[1,2819,2,7,3],"tags":[4940],"class_list":["post-11472","post","type-post","status-publish","format-standard","has-post-thumbnail","hentry","category-diario-armstrong","category-el-pais","category-locales","category-politica","category-region","tag-contigiani-al-macrismo-van-a-destruir-el-empleo-y-la-industria-nacional"],"jetpack_publicize_connections":[],"jetpack_featured_media_url":"https:\/\/armstrongyregion.com.ar\/diario\/wp-content\/uploads\/2017\/01\/Contiggiani.jpg","jetpack_shortlink":"https:\/\/wp.me\/p62QDO-2Z2","jetpack_sharing_enabled":true,"amp_enabled":true,"_links":{"self":[{"href":"https:\/\/armstrongyregion.com.ar\/diario\/wp-json\/wp\/v2\/posts\/11472","targetHints":{"allow":["GET"]}}],"collection":[{"href":"https:\/\/armstrongyregion.com.ar\/diario\/wp-json\/wp\/v2\/posts"}],"about":[{"href":"https:\/\/armstrongyregion.com.ar\/diario\/wp-json\/wp\/v2\/types\/post"}],"author":[{"embeddable":true,"href":"https:\/\/armstrongyregion.com.ar\/diario\/wp-json\/wp\/v2\/users\/1"}],"replies":[{"embeddable":true,"href":"https:\/\/armstrongyregion.com.ar\/diario\/wp-json\/wp\/v2\/comments?post=11472"}],"version-history":[{"count":0,"href":"https:\/\/armstrongyregion.com.ar\/diario\/wp-json\/wp\/v2\/posts\/11472\/revisions"}],"wp:featuredmedia":[{"embeddable":true,"href":"https:\/\/armstrongyregion.com.ar\/diario\/wp-json\/wp\/v2\/media\/11473"}],"wp:attachment":[{"href":"https:\/\/armstrongyregion.com.ar\/diario\/wp-json\/wp\/v2\/media?parent=11472"}],"wp:term":[{"taxonomy":"category","embeddable":true,"href":"https:\/\/armstrongyregion.com.ar\/diario\/wp-json\/wp\/v2\/categories?post=11472"},{"taxonomy":"post_tag","embeddable":true,"href":"https:\/\/armstrongyregion.com.ar\/diario\/wp-json\/wp\/v2\/tags?post=11472"}],"curies":[{"name":"wp","href":"https:\/\/api.w.org\/{rel}","templated":true}]}}