{"id":11467,"date":"2017-01-25T00:22:55","date_gmt":"2017-01-25T00:22:55","guid":{"rendered":"https:\/\/armstrongyregion.com.ar\/diario\/?p=11467"},"modified":"2017-01-25T00:22:55","modified_gmt":"2017-01-25T00:22:55","slug":"si-estamos-condenando-un-hecho-de-violencia-no-podemos-responder-con-mas-violencia","status":"publish","type":"post","link":"https:\/\/armstrongyregion.com.ar\/diario\/si-estamos-condenando-un-hecho-de-violencia-no-podemos-responder-con-mas-violencia\/","title":{"rendered":"\u00abSi estamos  condenando un hecho de violencia, no podemos responder con m\u00e1s violencia.\u00bb"},"content":{"rendered":"<p><a href=\"http:\/\/armstrongyregion.com.ar\/diario\/wp-content\/uploads\/2016\/11\/DSC_0151.jpg\"><img loading=\"lazy\" decoding=\"async\" src=\"http:\/\/armstrongyregion.com.ar\/diario\/wp-content\/uploads\/2016\/11\/DSC_0151-300x200.jpg\" alt=\"Daniela-Perez-\" width=\"300\" height=\"200\" class=\"alignnone size-medium wp-image-10295\" srcset=\"https:\/\/armstrongyregion.com.ar\/diario\/wp-content\/uploads\/2016\/11\/DSC_0151-300x200.jpg 300w, https:\/\/armstrongyregion.com.ar\/diario\/wp-content\/uploads\/2016\/11\/DSC_0151-1024x683.jpg 1024w\" sizes=\"auto, (max-width: 300px) 100vw, 300px\" \/><\/a>El d\u00eda de hoy en dialogo con la Concejal Daniela Perez, nos informaba acerca de las acciones que llevar\u00e1 adelante el municipio frente al incidente que le ocasionara un menor de edad a un perro callejero y causara gran conmoci\u00f3n en la ciudadan\u00eda.<br \/>\nEn primer lugar hizo hincapi\u00e9 en realizar con mayor periodicidad controles de tr\u00e1nsito en aquellas personas que conducen motocicletas. \u00abSi bien el municipio viene realizando controles, es necesario aumentar la frecuencia de los mismos\u00bb manifest\u00f3 la Concejal.<br \/>\nSobre el hecho en s\u00ed,  la edil nos inform\u00f3 sobre lo que expresa la Ordenanza N\u00b0 998\/06 con respecto a la  tenencia responsable  de mascotas,  en su Art\u00edculo 10, inciso 3.e: se consideran actos de malos tratos: lastimar, arrastrar y arrollar intencionalmente, causarle torturas o sufrimientos innecesarios o matarlos por s\u00f3lo esp\u00edritu de perversidad. Para lo cual prevee la siguientes penalidades:  la infracci\u00f3n de la presente ordenanza se penalizar\u00e1 con una multa que se graduara en un valor que oscilar\u00e1 entre 25 y 2500 litros de nafta s\u00faper. Adem\u00e1s el juez podr\u00e1 canjear la multa con trabajos comunitarios.<br \/>\nEl municipio a trav\u00e9s de su juzgado de falta sancionar\u00e1 el accionar basados en la presente ordenanza, la cual se encuentra en plena vigencia.<br \/>\nAl finalizar la entrevista la Concejal quiso hacer una reflexi\u00f3n sobre el tratamiento del tema en la comunidad, \u00abSi estamos  condenando un hecho de violencia, no podemos responder con m\u00e1s violencia.\u00bb<\/p>\n","protected":false},"excerpt":{"rendered":"<p>El d\u00eda de hoy en dialogo con la Concejal Daniela Perez, nos informaba acerca de las acciones que llevar\u00e1 adelante el municipio frente al incidente que le ocasionara un menor de edad a un perro callejero y causara gran conmoci\u00f3n en la ciudadan\u00eda. En primer lugar hizo hincapi\u00e9 en realizar con mayor periodicidad controles de <a href=\"https:\/\/armstrongyregion.com.ar\/diario\/si-estamos-condenando-un-hecho-de-violencia-no-podemos-responder-con-mas-violencia\/\" title=\"Read more\" >&#8230;<\/a><\/p>\n","protected":false},"author":1,"featured_media":10295,"comment_status":"open","ping_status":"open","sticky":false,"template":"","format":"standard","meta":{"_jetpack_memberships_contains_paid_content":false,"footnotes":"","jetpack_publicize_message":"","jetpack_publicize_feature_enabled":true,"jetpack_social_post_already_shared":false,"jetpack_social_options":{"image_generator_settings":{"template":"highway","default_image_id":0,"enabled":false},"version":2}},"categories":[1,2,7,3],"tags":[4937,4938],"class_list":["post-11467","post","type-post","status-publish","format-standard","has-post-thumbnail","hentry","category-diario-armstrong","category-locales","category-politica","category-region","tag-si-estamos-condenando-un-hecho-de-violencia","tag-no-podemos-responder-con-mas-violencia"],"jetpack_publicize_connections":[],"jetpack_featured_media_url":"https:\/\/armstrongyregion.com.ar\/diario\/wp-content\/uploads\/2016\/11\/DSC_0151.jpg","jetpack_shortlink":"https:\/\/wp.me\/p62QDO-2YX","jetpack_sharing_enabled":true,"amp_enabled":true,"_links":{"self":[{"href":"https:\/\/armstrongyregion.com.ar\/diario\/wp-json\/wp\/v2\/posts\/11467","targetHints":{"allow":["GET"]}}],"collection":[{"href":"https:\/\/armstrongyregion.com.ar\/diario\/wp-json\/wp\/v2\/posts"}],"about":[{"href":"https:\/\/armstrongyregion.com.ar\/diario\/wp-json\/wp\/v2\/types\/post"}],"author":[{"embeddable":true,"href":"https:\/\/armstrongyregion.com.ar\/diario\/wp-json\/wp\/v2\/users\/1"}],"replies":[{"embeddable":true,"href":"https:\/\/armstrongyregion.com.ar\/diario\/wp-json\/wp\/v2\/comments?post=11467"}],"version-history":[{"count":0,"href":"https:\/\/armstrongyregion.com.ar\/diario\/wp-json\/wp\/v2\/posts\/11467\/revisions"}],"wp:featuredmedia":[{"embeddable":true,"href":"https:\/\/armstrongyregion.com.ar\/diario\/wp-json\/wp\/v2\/media\/10295"}],"wp:attachment":[{"href":"https:\/\/armstrongyregion.com.ar\/diario\/wp-json\/wp\/v2\/media?parent=11467"}],"wp:term":[{"taxonomy":"category","embeddable":true,"href":"https:\/\/armstrongyregion.com.ar\/diario\/wp-json\/wp\/v2\/categories?post=11467"},{"taxonomy":"post_tag","embeddable":true,"href":"https:\/\/armstrongyregion.com.ar\/diario\/wp-json\/wp\/v2\/tags?post=11467"}],"curies":[{"name":"wp","href":"https:\/\/api.w.org\/{rel}","templated":true}]}}