{"id":11439,"date":"2017-01-20T11:53:54","date_gmt":"2017-01-20T11:53:54","guid":{"rendered":"https:\/\/armstrongyregion.com.ar\/diario\/?p=11439"},"modified":"2017-01-20T11:53:54","modified_gmt":"2017-01-20T11:53:54","slug":"los-cinco-puntos-que-lifschitz-trato-con-el-ministro-frigerio-por-inundaciones","status":"publish","type":"post","link":"https:\/\/armstrongyregion.com.ar\/diario\/los-cinco-puntos-que-lifschitz-trato-con-el-ministro-frigerio-por-inundaciones\/","title":{"rendered":"Los cinco puntos que Lifschitz trat\u00f3 con el ministro Frigerio por inundaciones."},"content":{"rendered":"<p><a href=\"http:\/\/armstrongyregion.com.ar\/diario\/wp-content\/uploads\/2017\/01\/lifschitz_con_frigerio_por_inundaciones.jpg_1572130063.jpg\"><img loading=\"lazy\" decoding=\"async\" src=\"http:\/\/armstrongyregion.com.ar\/diario\/wp-content\/uploads\/2017\/01\/lifschitz_con_frigerio_por_inundaciones.jpg_1572130063-300x169.jpg\" alt=\"lifschitz_con_frigerio_por_inundaciones.jpg_1572130063\" width=\"300\" height=\"169\" class=\"alignnone size-medium wp-image-11440\" srcset=\"https:\/\/armstrongyregion.com.ar\/diario\/wp-content\/uploads\/2017\/01\/lifschitz_con_frigerio_por_inundaciones.jpg_1572130063-300x169.jpg 300w, https:\/\/armstrongyregion.com.ar\/diario\/wp-content\/uploads\/2017\/01\/lifschitz_con_frigerio_por_inundaciones.jpg_1572130063.jpg 768w\" sizes=\"auto, (max-width: 300px) 100vw, 300px\" \/><\/a>El gobernador se reuni\u00f3 con el titular de la cartera de Interior y le dej\u00f3 un listado de propuestas para mitigar los impactos de la dif\u00edcil situaci\u00f3n h\u00eddrica que atraviesa Santa Fe. Se destacan la creaci\u00f3n de fondos especiales, pedidos de pr\u00f3rroga a la Afip y obras de desag\u00fces.<br \/>\nEl gobernador de Santa Fe, Miguel Lifschitz, mantuvo este jueves un encuentro con el ministro del Interior, Rogelio Frigerio, para plantearle iniciativas y proyectos que ayuden a los santafesinos y en especial a los productores y tamberos afectados por las inundaciones en la provincia. El m\u00e1ximo mandatario provincial le dej\u00f3 al titular de la cartera nacional un listado con cinco puntos principales para tratar de mitigar los efectos del agua en todo el territorio.<\/p>\n<p>Los cinco aspectos tienen que ver con la creaci\u00f3n de un fondo especial de financiamiento para peque\u00f1os productores y tamberos; pr\u00e9stamos especiales del Banco Naci\u00f3n para los que tengan capacidad de endeudarse; el pedido de una pol\u00edtica especial de la Afip para los sectores econ\u00f3micos afectados; seis proyectos de obras p\u00fablicas de desag\u00fce en la provincia; y planes de viviendas para las zonas en las que los habitantes tuvieron que ser evacuados.<\/p>\n<p>\u00abEstimamos p\u00e9rdidas en el sector agropecuario, ganadero y tambero de alrededor de 1.200 millones de d\u00f3lares\u00bb, se lament\u00f3 el socialista santafesino despu\u00e9s de la reuni\u00f3n en la Casa Rosada.<\/p>\n<p>Como eje central del plan de ayuda, Lifschitz pidi\u00f3 al Gobierno nacional que se constituya un \u00abfondo especial\u00bb para el financiamiento directo de peque\u00f1os productores -sin acceso al cr\u00e9dito bancario- que se constituir\u00e1 con fondos de la provincia y un pr\u00e9stamo del Estado nacional.<\/p>\n<p>Desde el 23 de diciembre, intensas lluvias se precipitaron en gran parte de la provincia, con un acumulado de m\u00e1s de 800 mil\u00edmetros en algunas zonas y precipitaciones que descargaron m\u00e1s de 300 mil\u00edmetros en pocas horas sobre algunas \u00e1reas.<\/p>\n<p>\u00abDespu\u00e9s pedimos una pol\u00edtica especial de la Afip para los productores afectados, con diferimiento de vencimientos, moratorias y una l\u00ednea de cr\u00e9dito especial del Banco Naci\u00f3n para aquellos que tienen capacidad de endeudarse\u00bb, revel\u00f3 el mandatario.<\/p>\n<p>En materia de obras p\u00fablicas, el representante santafesino dej\u00f3 un listado de seis proyectos de obras de desag\u00fces para distintos departamentos de la provincia, algunos de ellos ya en condiciones de licitarse -detall\u00f3- y otros en proceso de elaboraci\u00f3n.<\/p>\n<p>A este listado, se sumar\u00edan por pedido de Santa Fe, planes de vivienda para los santafesinos m\u00e1s afectados por estas precipitaciones hist\u00f3ricas.<\/p>\n<p>Luego del encuentro con Frigerio, el gobernador Lifschitz dialog\u00f3 con el ministro de Agroindustria de la Naci\u00f3n, Ricardo Buryaile, para profundizar los puntos referidos a la producci\u00f3n agropecuaria y lechera que se vio perjudicada por las inundaciones.<br \/>\nRosario3.com<\/p>\n","protected":false},"excerpt":{"rendered":"<p>El gobernador se reuni\u00f3 con el titular de la cartera de Interior y le dej\u00f3 un listado de propuestas para mitigar los impactos de la dif\u00edcil situaci\u00f3n h\u00eddrica que atraviesa Santa Fe. Se destacan la creaci\u00f3n de fondos especiales, pedidos de pr\u00f3rroga a la Afip y obras de desag\u00fces. El gobernador de Santa Fe, Miguel <a href=\"https:\/\/armstrongyregion.com.ar\/diario\/los-cinco-puntos-que-lifschitz-trato-con-el-ministro-frigerio-por-inundaciones\/\" title=\"Read more\" >&#8230;<\/a><\/p>\n","protected":false},"author":1,"featured_media":11440,"comment_status":"open","ping_status":"open","sticky":false,"template":"","format":"standard","meta":{"_jetpack_memberships_contains_paid_content":false,"footnotes":"","jetpack_publicize_message":"","jetpack_publicize_feature_enabled":true,"jetpack_social_post_already_shared":false,"jetpack_social_options":{"image_generator_settings":{"template":"highway","default_image_id":0,"enabled":false},"version":2}},"categories":[1,2,7,3],"tags":[4927],"class_list":["post-11439","post","type-post","status-publish","format-standard","has-post-thumbnail","hentry","category-diario-armstrong","category-locales","category-politica","category-region","tag-los-cinco-puntos-que-lifschitz-trato-con-el-ministro-frigerio-por-inundaciones"],"jetpack_publicize_connections":[],"jetpack_featured_media_url":"https:\/\/armstrongyregion.com.ar\/diario\/wp-content\/uploads\/2017\/01\/lifschitz_con_frigerio_por_inundaciones.jpg_1572130063.jpg","jetpack_shortlink":"https:\/\/wp.me\/p62QDO-2Yv","jetpack_sharing_enabled":true,"amp_enabled":true,"_links":{"self":[{"href":"https:\/\/armstrongyregion.com.ar\/diario\/wp-json\/wp\/v2\/posts\/11439","targetHints":{"allow":["GET"]}}],"collection":[{"href":"https:\/\/armstrongyregion.com.ar\/diario\/wp-json\/wp\/v2\/posts"}],"about":[{"href":"https:\/\/armstrongyregion.com.ar\/diario\/wp-json\/wp\/v2\/types\/post"}],"author":[{"embeddable":true,"href":"https:\/\/armstrongyregion.com.ar\/diario\/wp-json\/wp\/v2\/users\/1"}],"replies":[{"embeddable":true,"href":"https:\/\/armstrongyregion.com.ar\/diario\/wp-json\/wp\/v2\/comments?post=11439"}],"version-history":[{"count":0,"href":"https:\/\/armstrongyregion.com.ar\/diario\/wp-json\/wp\/v2\/posts\/11439\/revisions"}],"wp:featuredmedia":[{"embeddable":true,"href":"https:\/\/armstrongyregion.com.ar\/diario\/wp-json\/wp\/v2\/media\/11440"}],"wp:attachment":[{"href":"https:\/\/armstrongyregion.com.ar\/diario\/wp-json\/wp\/v2\/media?parent=11439"}],"wp:term":[{"taxonomy":"category","embeddable":true,"href":"https:\/\/armstrongyregion.com.ar\/diario\/wp-json\/wp\/v2\/categories?post=11439"},{"taxonomy":"post_tag","embeddable":true,"href":"https:\/\/armstrongyregion.com.ar\/diario\/wp-json\/wp\/v2\/tags?post=11439"}],"curies":[{"name":"wp","href":"https:\/\/api.w.org\/{rel}","templated":true}]}}