{"id":11398,"date":"2017-01-17T14:06:16","date_gmt":"2017-01-17T14:06:16","guid":{"rendered":"https:\/\/armstrongyregion.com.ar\/diario\/?p=11398"},"modified":"2017-01-17T14:06:16","modified_gmt":"2017-01-17T14:06:16","slug":"el-latinoamericano-cierra-su-v-edicion-en-la-noche-del-martes","status":"publish","type":"post","link":"https:\/\/armstrongyregion.com.ar\/diario\/el-latinoamericano-cierra-su-v-edicion-en-la-noche-del-martes\/","title":{"rendered":"El Latinoamericano cierra su V edici\u00f3n en la noche del martes."},"content":{"rendered":"<p><div id=\"attachment_11399\" style=\"width: 310px\" class=\"wp-caption alignnone\"><a href=\"http:\/\/armstrongyregion.com.ar\/diario\/wp-content\/uploads\/2017\/01\/17-de-enero.jpg\"><img loading=\"lazy\" decoding=\"async\" aria-describedby=\"caption-attachment-11399\" src=\"http:\/\/armstrongyregion.com.ar\/diario\/wp-content\/uploads\/2017\/01\/17-de-enero-300x255.jpg\" alt=\"Programa\" width=\"300\" height=\"255\" class=\"size-medium wp-image-11399\" srcset=\"https:\/\/armstrongyregion.com.ar\/diario\/wp-content\/uploads\/2017\/01\/17-de-enero-300x255.jpg 300w, https:\/\/armstrongyregion.com.ar\/diario\/wp-content\/uploads\/2017\/01\/17-de-enero.jpg 768w\" sizes=\"auto, (max-width: 300px) 100vw, 300px\" \/><\/a><p id=\"caption-attachment-11399\" class=\"wp-caption-text\">Programa<\/p><\/div>El flamante escenario \u201cEmilio Arcec\u201d ser\u00e1 el espacio en el que m\u00e1s de una decena de artistas de nuestro pueblo y de distintos puntos de Am\u00e9rica Latina le pongan punto final al Festival Internacional.<\/p>\n<p>La grilla de programaci\u00f3n que no pudo llevarse a cabo el \u00faltimo domingo por el temporal que azot\u00f3 a nuestra regi\u00f3n, fue reprogramada para este 17 de enero a partir de las 19.00 hs. cuando las delegaciones que son parte de El #Latinoamericano desfilen por las calles de nuestro pueblo.<\/p>\n<p>Como en cada luna, la entrada es libre y gratuita.<\/p>\n<p>19.00 hs. DESFILE DE DELEGACIONES<\/p>\n<p>El desfile se iniciar\u00e1 desde la intersecci\u00f3n de 25 de Mayo y Sarmiento, para continuar su recorrido por calle Rivadavia hasta arribar al Polideportivo Comunal.<\/p>\n<p>20.00 hs. INICIO DE ESPECT\u00c1CULOS<\/p>\n<p>Esteban Echaniz<br \/>\nGustavo Pessina<br \/>\nCompa\u00f1ia Alma Argentina<br \/>\nPe\u00f1a El Amanecer<br \/>\nHuellas Criollas<br \/>\nGrupo Continental (Mexico) Ballet Ciudad<br \/>\nde La Banda (Santiago del Estero)<br \/>\nLucas Dibono<br \/>\nJavier Ledesma<br \/>\nGODAP (Brasil)<br \/>\nRafael Chavez<br \/>\nBeto Ponce<br \/>\nUPARI (Colombia)<br \/>\nBeto Campos (Costa Rica)<br \/>\nRicardo Palavecino (Formosa)<\/p>\n","protected":false},"excerpt":{"rendered":"<p>El flamante escenario \u201cEmilio Arcec\u201d ser\u00e1 el espacio en el que m\u00e1s de una decena de artistas de nuestro pueblo y de distintos puntos de Am\u00e9rica Latina le pongan punto final al Festival Internacional. La grilla de programaci\u00f3n que no pudo llevarse a cabo el \u00faltimo domingo por el temporal que azot\u00f3 a nuestra regi\u00f3n, <a href=\"https:\/\/armstrongyregion.com.ar\/diario\/el-latinoamericano-cierra-su-v-edicion-en-la-noche-del-martes\/\" title=\"Read more\" >&#8230;<\/a><\/p>\n","protected":false},"author":1,"featured_media":11399,"comment_status":"open","ping_status":"open","sticky":false,"template":"","format":"standard","meta":{"_jetpack_memberships_contains_paid_content":false,"footnotes":"","jetpack_publicize_message":"","jetpack_publicize_feature_enabled":true,"jetpack_social_post_already_shared":false,"jetpack_social_options":{"image_generator_settings":{"template":"highway","default_image_id":0,"enabled":false},"version":2}},"categories":[6,1,3],"tags":[4913],"class_list":["post-11398","post","type-post","status-publish","format-standard","has-post-thumbnail","hentry","category-cultura-entretenimiento","category-diario-armstrong","category-region","tag-el-latinoamericano-cierra-su-v-edicion-en-la-noche-del-martes"],"jetpack_publicize_connections":[],"jetpack_featured_media_url":"https:\/\/armstrongyregion.com.ar\/diario\/wp-content\/uploads\/2017\/01\/17-de-enero.jpg","jetpack_shortlink":"https:\/\/wp.me\/p62QDO-2XQ","jetpack_sharing_enabled":true,"amp_enabled":true,"_links":{"self":[{"href":"https:\/\/armstrongyregion.com.ar\/diario\/wp-json\/wp\/v2\/posts\/11398","targetHints":{"allow":["GET"]}}],"collection":[{"href":"https:\/\/armstrongyregion.com.ar\/diario\/wp-json\/wp\/v2\/posts"}],"about":[{"href":"https:\/\/armstrongyregion.com.ar\/diario\/wp-json\/wp\/v2\/types\/post"}],"author":[{"embeddable":true,"href":"https:\/\/armstrongyregion.com.ar\/diario\/wp-json\/wp\/v2\/users\/1"}],"replies":[{"embeddable":true,"href":"https:\/\/armstrongyregion.com.ar\/diario\/wp-json\/wp\/v2\/comments?post=11398"}],"version-history":[{"count":0,"href":"https:\/\/armstrongyregion.com.ar\/diario\/wp-json\/wp\/v2\/posts\/11398\/revisions"}],"wp:featuredmedia":[{"embeddable":true,"href":"https:\/\/armstrongyregion.com.ar\/diario\/wp-json\/wp\/v2\/media\/11399"}],"wp:attachment":[{"href":"https:\/\/armstrongyregion.com.ar\/diario\/wp-json\/wp\/v2\/media?parent=11398"}],"wp:term":[{"taxonomy":"category","embeddable":true,"href":"https:\/\/armstrongyregion.com.ar\/diario\/wp-json\/wp\/v2\/categories?post=11398"},{"taxonomy":"post_tag","embeddable":true,"href":"https:\/\/armstrongyregion.com.ar\/diario\/wp-json\/wp\/v2\/tags?post=11398"}],"curies":[{"name":"wp","href":"https:\/\/api.w.org\/{rel}","templated":true}]}}