{"id":11389,"date":"2017-01-16T20:22:09","date_gmt":"2017-01-16T20:22:09","guid":{"rendered":"https:\/\/armstrongyregion.com.ar\/diario\/?p=11389"},"modified":"2017-01-16T20:22:09","modified_gmt":"2017-01-16T20:22:09","slug":"canada-de-gomez-se-realizo-la-1-pre-lunas-y-23-edicion-del-jardin-folclorico","status":"publish","type":"post","link":"https:\/\/armstrongyregion.com.ar\/diario\/canada-de-gomez-se-realizo-la-1-pre-lunas-y-23-edicion-del-jardin-folclorico\/","title":{"rendered":"Ca\u00f1ada de G\u00f3mez. Se realiz\u00f3 la 1\u00b0 Pre Lunas y 23 \u00b0Edicion del Jard\u00edn Folcl\u00f3rico."},"content":{"rendered":"<p><a href=\"http:\/\/armstrongyregion.com.ar\/diario\/wp-content\/uploads\/2017\/01\/tres-lunas-.jpg\"><img loading=\"lazy\" decoding=\"async\" src=\"http:\/\/armstrongyregion.com.ar\/diario\/wp-content\/uploads\/2017\/01\/tres-lunas--300x172.jpg\" alt=\"tres-lunas-\" width=\"300\" height=\"172\" class=\"alignnone size-medium wp-image-11390\" srcset=\"https:\/\/armstrongyregion.com.ar\/diario\/wp-content\/uploads\/2017\/01\/tres-lunas--300x172.jpg 300w, https:\/\/armstrongyregion.com.ar\/diario\/wp-content\/uploads\/2017\/01\/tres-lunas--1024x587.jpg 1024w, https:\/\/armstrongyregion.com.ar\/diario\/wp-content\/uploads\/2017\/01\/tres-lunas-.jpg 1152w\" sizes=\"auto, (max-width: 300px) 100vw, 300px\" \/><\/a>Los artistas locales comenzaron a palpitar Las Tres Lunas. A pesar de las inclemencias del tiempo, todos los artistas de la ciudad pudieron presentarse, debiendo suspenderse el Festival previo al cierre de Emiliano Zerbini.<\/p>\n<p>En el predio del Barrio Jard\u00edn se desarroll\u00f3 la 23\u00ba edici\u00f3n del Festival Jard\u00edn Folcl\u00f3rico y la 1\u00ba Pre Lunas. A pesar de las inclemencias del tiempo, todos los artistas de la ciudad pudieron presentarse, debiendo suspenderse el Festival previo al cierre de Emiliano Zerbini.<br \/>\nDe esta manera, los solistas y conjuntos ca\u00f1adeneses Carina Schell, Carla Oliva, Duo Suspenso, Orquesta Municipal de Tango, Nacor Arauco Danilo Torresi y Carga Pesada comenzaron a palpitar la 30\u00ba edici\u00f3n del Festival Las Tres Lunas que tendr\u00e1 lugar del 24 al 26 de febrero.<br \/>\nEl presidente de la Comisi\u00f3n Organizadora de Las Tres Lunas Marcelo Casalegno destac\u00f3 \u201cestamos muy contentos de realizar esta 1\u00ba pre lunas junto a la vecinal del Barrio jard\u00edn y los artistas locales, como parte del trabajo previo a la 30\u00ba edici\u00f3n del Festival\u201d.<br \/>\nLa 2\u00ba Pre Lunas se realizar\u00e1 en la Plaza de Urquiza y Paraguay el s\u00e1bado 4 de febrero, con otros m\u00fasicos ca\u00f1adenses que subir\u00e1n al escenario y vecinales de la zona sur que se har\u00e1n cargo del buffet.<\/p>\n","protected":false},"excerpt":{"rendered":"<p>Los artistas locales comenzaron a palpitar Las Tres Lunas. A pesar de las inclemencias del tiempo, todos los artistas de la ciudad pudieron presentarse, debiendo suspenderse el Festival previo al cierre de Emiliano Zerbini. En el predio del Barrio Jard\u00edn se desarroll\u00f3 la 23\u00ba edici\u00f3n del Festival Jard\u00edn Folcl\u00f3rico y la 1\u00ba Pre Lunas. A <a href=\"https:\/\/armstrongyregion.com.ar\/diario\/canada-de-gomez-se-realizo-la-1-pre-lunas-y-23-edicion-del-jardin-folclorico\/\" title=\"Read more\" >&#8230;<\/a><\/p>\n","protected":false},"author":1,"featured_media":11390,"comment_status":"open","ping_status":"open","sticky":false,"template":"","format":"standard","meta":{"_jetpack_memberships_contains_paid_content":false,"footnotes":"","jetpack_publicize_message":"","jetpack_publicize_feature_enabled":true,"jetpack_social_post_already_shared":false,"jetpack_social_options":{"image_generator_settings":{"template":"highway","default_image_id":0,"enabled":false},"version":2}},"categories":[6,1,3],"tags":[4910],"class_list":["post-11389","post","type-post","status-publish","format-standard","has-post-thumbnail","hentry","category-cultura-entretenimiento","category-diario-armstrong","category-region","tag-canada-de-gomez-se-realizo-la-1-pre-lunas-y-23-edicion-del-jardin-folclorico"],"jetpack_publicize_connections":[],"jetpack_featured_media_url":"https:\/\/armstrongyregion.com.ar\/diario\/wp-content\/uploads\/2017\/01\/tres-lunas-.jpg","jetpack_shortlink":"https:\/\/wp.me\/p62QDO-2XH","jetpack_sharing_enabled":true,"amp_enabled":true,"_links":{"self":[{"href":"https:\/\/armstrongyregion.com.ar\/diario\/wp-json\/wp\/v2\/posts\/11389","targetHints":{"allow":["GET"]}}],"collection":[{"href":"https:\/\/armstrongyregion.com.ar\/diario\/wp-json\/wp\/v2\/posts"}],"about":[{"href":"https:\/\/armstrongyregion.com.ar\/diario\/wp-json\/wp\/v2\/types\/post"}],"author":[{"embeddable":true,"href":"https:\/\/armstrongyregion.com.ar\/diario\/wp-json\/wp\/v2\/users\/1"}],"replies":[{"embeddable":true,"href":"https:\/\/armstrongyregion.com.ar\/diario\/wp-json\/wp\/v2\/comments?post=11389"}],"version-history":[{"count":0,"href":"https:\/\/armstrongyregion.com.ar\/diario\/wp-json\/wp\/v2\/posts\/11389\/revisions"}],"wp:featuredmedia":[{"embeddable":true,"href":"https:\/\/armstrongyregion.com.ar\/diario\/wp-json\/wp\/v2\/media\/11390"}],"wp:attachment":[{"href":"https:\/\/armstrongyregion.com.ar\/diario\/wp-json\/wp\/v2\/media?parent=11389"}],"wp:term":[{"taxonomy":"category","embeddable":true,"href":"https:\/\/armstrongyregion.com.ar\/diario\/wp-json\/wp\/v2\/categories?post=11389"},{"taxonomy":"post_tag","embeddable":true,"href":"https:\/\/armstrongyregion.com.ar\/diario\/wp-json\/wp\/v2\/tags?post=11389"}],"curies":[{"name":"wp","href":"https:\/\/api.w.org\/{rel}","templated":true}]}}