{"id":11316,"date":"2017-01-11T13:03:27","date_gmt":"2017-01-11T13:03:27","guid":{"rendered":"https:\/\/armstrongyregion.com.ar\/diario\/?p=11316"},"modified":"2017-01-11T13:03:27","modified_gmt":"2017-01-11T13:03:27","slug":"chocaron-dos-camiones-en-la-autopista-un-camionero-herido","status":"publish","type":"post","link":"https:\/\/armstrongyregion.com.ar\/diario\/chocaron-dos-camiones-en-la-autopista-un-camionero-herido\/","title":{"rendered":"Chocaron dos camiones en la Autopista, un camionero herido."},"content":{"rendered":"<p><a href=\"http:\/\/armstrongyregion.com.ar\/diario\/wp-content\/uploads\/2017\/01\/choque-camion.jpg\"><img loading=\"lazy\" decoding=\"async\" src=\"http:\/\/armstrongyregion.com.ar\/diario\/wp-content\/uploads\/2017\/01\/choque-camion-300x168.jpg\" alt=\"choque-camion\" width=\"300\" height=\"168\" class=\"alignnone size-medium wp-image-11318\" srcset=\"https:\/\/armstrongyregion.com.ar\/diario\/wp-content\/uploads\/2017\/01\/choque-camion-300x168.jpg 300w, https:\/\/armstrongyregion.com.ar\/diario\/wp-content\/uploads\/2017\/01\/choque-camion.jpg 960w\" sizes=\"auto, (max-width: 300px) 100vw, 300px\" \/><\/a>Minutos despu\u00e9s de la hora 24, la sirena llamaba al cuerpo activo de Bomberos Voluntarios, por un choque entre dos camiones que viajaban en mismo sentido (C\u00f3rdoba-Rosario) Km 376.<br \/>\nUn Fiat Iveco, de la firma Ortega Hnos. de Idiaz\u00e1bal (C\u00f3rdoba) conducido por Roberto Aquispace (55a\u00f1os) quien sufri\u00f3 fractura de tibia y peron\u00e9 y el cami\u00f3n Mercedes Benz de transporte Alvear de Firmat (Santa Fe) conducido por Jorge Roberto Riva (57 a\u00f1os) los Bomberos estuvieron trabajando m\u00e1s de una hora, para rescatar al chofer del Iveco.<br \/>\nLos dos camiones transportaban cereal.<br \/>\nInforme: Jorge Tagina.<\/p>\n","protected":false},"excerpt":{"rendered":"<p>Minutos despu\u00e9s de la hora 24, la sirena llamaba al cuerpo activo de Bomberos Voluntarios, por un choque entre dos camiones que viajaban en mismo sentido (C\u00f3rdoba-Rosario) Km 376. Un Fiat Iveco, de la firma Ortega Hnos. de Idiaz\u00e1bal (C\u00f3rdoba) conducido por Roberto Aquispace (55a\u00f1os) quien sufri\u00f3 fractura de tibia y peron\u00e9 y el cami\u00f3n <a href=\"https:\/\/armstrongyregion.com.ar\/diario\/chocaron-dos-camiones-en-la-autopista-un-camionero-herido\/\" title=\"Read more\" >&#8230;<\/a><\/p>\n","protected":false},"author":1,"featured_media":11318,"comment_status":"open","ping_status":"open","sticky":false,"template":"","format":"standard","meta":{"_jetpack_memberships_contains_paid_content":false,"footnotes":"","jetpack_publicize_message":"","jetpack_publicize_feature_enabled":true,"jetpack_social_post_already_shared":false,"jetpack_social_options":{"image_generator_settings":{"template":"highway","default_image_id":0,"enabled":false},"version":2}},"categories":[1,2,3],"tags":[4887,4888],"class_list":["post-11316","post","type-post","status-publish","format-standard","has-post-thumbnail","hentry","category-diario-armstrong","category-locales","category-region","tag-chocaron-dos-camiones-en-la-autopista","tag-un-camionero-herido"],"jetpack_publicize_connections":[],"jetpack_featured_media_url":"https:\/\/armstrongyregion.com.ar\/diario\/wp-content\/uploads\/2017\/01\/choque-camion.jpg","jetpack_shortlink":"https:\/\/wp.me\/p62QDO-2Ww","jetpack_sharing_enabled":true,"amp_enabled":true,"_links":{"self":[{"href":"https:\/\/armstrongyregion.com.ar\/diario\/wp-json\/wp\/v2\/posts\/11316","targetHints":{"allow":["GET"]}}],"collection":[{"href":"https:\/\/armstrongyregion.com.ar\/diario\/wp-json\/wp\/v2\/posts"}],"about":[{"href":"https:\/\/armstrongyregion.com.ar\/diario\/wp-json\/wp\/v2\/types\/post"}],"author":[{"embeddable":true,"href":"https:\/\/armstrongyregion.com.ar\/diario\/wp-json\/wp\/v2\/users\/1"}],"replies":[{"embeddable":true,"href":"https:\/\/armstrongyregion.com.ar\/diario\/wp-json\/wp\/v2\/comments?post=11316"}],"version-history":[{"count":0,"href":"https:\/\/armstrongyregion.com.ar\/diario\/wp-json\/wp\/v2\/posts\/11316\/revisions"}],"wp:featuredmedia":[{"embeddable":true,"href":"https:\/\/armstrongyregion.com.ar\/diario\/wp-json\/wp\/v2\/media\/11318"}],"wp:attachment":[{"href":"https:\/\/armstrongyregion.com.ar\/diario\/wp-json\/wp\/v2\/media?parent=11316"}],"wp:term":[{"taxonomy":"category","embeddable":true,"href":"https:\/\/armstrongyregion.com.ar\/diario\/wp-json\/wp\/v2\/categories?post=11316"},{"taxonomy":"post_tag","embeddable":true,"href":"https:\/\/armstrongyregion.com.ar\/diario\/wp-json\/wp\/v2\/tags?post=11316"}],"curies":[{"name":"wp","href":"https:\/\/api.w.org\/{rel}","templated":true}]}}