{"id":11308,"date":"2017-01-11T12:22:51","date_gmt":"2017-01-11T12:22:51","guid":{"rendered":"https:\/\/armstrongyregion.com.ar\/diario\/?p=11308"},"modified":"2017-01-11T12:22:51","modified_gmt":"2017-01-11T12:22:51","slug":"correa-tendra-su-parque-frutihorticola","status":"publish","type":"post","link":"https:\/\/armstrongyregion.com.ar\/diario\/correa-tendra-su-parque-frutihorticola\/","title":{"rendered":"Correa tendr\u00e1 su Parque Frutihort\u00edcola."},"content":{"rendered":"<p><a href=\"http:\/\/armstrongyregion.com.ar\/diario\/wp-content\/uploads\/2017\/01\/Parque-Frutihorticola.jpeg\"><img loading=\"lazy\" decoding=\"async\" src=\"http:\/\/armstrongyregion.com.ar\/diario\/wp-content\/uploads\/2017\/01\/Parque-Frutihorticola-300x169.jpeg\" alt=\"parque-frutihorticola\" width=\"300\" height=\"169\" class=\"alignnone size-medium wp-image-11309\" srcset=\"https:\/\/armstrongyregion.com.ar\/diario\/wp-content\/uploads\/2017\/01\/Parque-Frutihorticola-300x169.jpeg 300w, https:\/\/armstrongyregion.com.ar\/diario\/wp-content\/uploads\/2017\/01\/Parque-Frutihorticola-1024x575.jpeg 1024w, https:\/\/armstrongyregion.com.ar\/diario\/wp-content\/uploads\/2017\/01\/Parque-Frutihorticola.jpeg 1280w\" sizes=\"auto, (max-width: 300px) 100vw, 300px\" \/><\/a>A partir de las visita del Ministro de Producci\u00f3n provincial, Luis Contigiani, el Gobierno de Santa Fe hizo entrega de una aporte de 495 mil pesos para que la Comuna Correa inicie los trabajos para la puesta en marcha del Parque Frutihot\u00edcola que estar\u00e1 ubicado en la zona norte de la localidad.<\/p>\n<p>Este nuevo proyecto que tendr\u00e1 su espacio por calle Andino entre Laprida y Lisandro De la Torre generar\u00e1 un r\u00e9dito en los ciudadanos en el plano social, productivo y, por sobre todas las cosas, en lo ambiental.<\/p>\n<p>\u201cTenemos muchas expectativas sobre esta iniciativa, ya que de esta manera capitalizamos los terrenos linderos al ejido urbano con producciones que generan m\u00e1s puestos de trabajo, alimentos de calidad y no contaminan el medio ambiente\u201d, mencion\u00f3 Cotigiani.<\/p>\n<p>En tanto el presidente comunal, Fabian Cejas, expres\u00f3 su satisfacci\u00f3n por la puesta en marcha del Parque Frutihort\u00edcola, \u201ccon estos aportes construiremos un cerco perimetral met\u00e1lico y forestal, instalaremos un sistema de riego acorde a las exigencias y comenzaremos con la plantaci\u00f3n de frutas y hortalizas\u201d.<\/p>\n<p>El acto tuvo lugar sobre la tarde noche del \u00faltimo viernes en el despacho comunal y cont\u00f3 con la presencia del Vicepresidente Comunal, Luis Gongora, la Tesorera, Marcela Villalobos y responsables de las \u00e1reas Social, de Producci\u00f3n y Parque y paseos del gobierno local.<\/p>\n","protected":false},"excerpt":{"rendered":"<p>A partir de las visita del Ministro de Producci\u00f3n provincial, Luis Contigiani, el Gobierno de Santa Fe hizo entrega de una aporte de 495 mil pesos para que la Comuna Correa inicie los trabajos para la puesta en marcha del Parque Frutihot\u00edcola que estar\u00e1 ubicado en la zona norte de la localidad. Este nuevo proyecto <a href=\"https:\/\/armstrongyregion.com.ar\/diario\/correa-tendra-su-parque-frutihorticola\/\" title=\"Read more\" >&#8230;<\/a><\/p>\n","protected":false},"author":1,"featured_media":11309,"comment_status":"open","ping_status":"open","sticky":false,"template":"","format":"standard","meta":{"_jetpack_memberships_contains_paid_content":false,"footnotes":"","jetpack_publicize_message":"","jetpack_publicize_feature_enabled":true,"jetpack_social_post_already_shared":false,"jetpack_social_options":{"image_generator_settings":{"template":"highway","default_image_id":0,"enabled":false},"version":2}},"categories":[1,7,3],"tags":[4885],"class_list":["post-11308","post","type-post","status-publish","format-standard","has-post-thumbnail","hentry","category-diario-armstrong","category-politica","category-region","tag-correa-tendra-su-parque-frutihorticola"],"jetpack_publicize_connections":[],"jetpack_featured_media_url":"https:\/\/armstrongyregion.com.ar\/diario\/wp-content\/uploads\/2017\/01\/Parque-Frutihorticola.jpeg","jetpack_shortlink":"https:\/\/wp.me\/p62QDO-2Wo","jetpack_sharing_enabled":true,"amp_enabled":true,"_links":{"self":[{"href":"https:\/\/armstrongyregion.com.ar\/diario\/wp-json\/wp\/v2\/posts\/11308","targetHints":{"allow":["GET"]}}],"collection":[{"href":"https:\/\/armstrongyregion.com.ar\/diario\/wp-json\/wp\/v2\/posts"}],"about":[{"href":"https:\/\/armstrongyregion.com.ar\/diario\/wp-json\/wp\/v2\/types\/post"}],"author":[{"embeddable":true,"href":"https:\/\/armstrongyregion.com.ar\/diario\/wp-json\/wp\/v2\/users\/1"}],"replies":[{"embeddable":true,"href":"https:\/\/armstrongyregion.com.ar\/diario\/wp-json\/wp\/v2\/comments?post=11308"}],"version-history":[{"count":0,"href":"https:\/\/armstrongyregion.com.ar\/diario\/wp-json\/wp\/v2\/posts\/11308\/revisions"}],"wp:featuredmedia":[{"embeddable":true,"href":"https:\/\/armstrongyregion.com.ar\/diario\/wp-json\/wp\/v2\/media\/11309"}],"wp:attachment":[{"href":"https:\/\/armstrongyregion.com.ar\/diario\/wp-json\/wp\/v2\/media?parent=11308"}],"wp:term":[{"taxonomy":"category","embeddable":true,"href":"https:\/\/armstrongyregion.com.ar\/diario\/wp-json\/wp\/v2\/categories?post=11308"},{"taxonomy":"post_tag","embeddable":true,"href":"https:\/\/armstrongyregion.com.ar\/diario\/wp-json\/wp\/v2\/tags?post=11308"}],"curies":[{"name":"wp","href":"https:\/\/api.w.org\/{rel}","templated":true}]}}