{"id":11293,"date":"2017-01-09T13:29:23","date_gmt":"2017-01-09T13:29:23","guid":{"rendered":"https:\/\/armstrongyregion.com.ar\/diario\/?p=11293"},"modified":"2017-01-09T13:29:23","modified_gmt":"2017-01-09T13:29:23","slug":"la-provincia-reconstruira-el-terraplen-de-defensa-en-montes-de-oca","status":"publish","type":"post","link":"https:\/\/armstrongyregion.com.ar\/diario\/la-provincia-reconstruira-el-terraplen-de-defensa-en-montes-de-oca\/","title":{"rendered":"La provincia reconstruir\u00e1 el terrapl\u00e9n de defensa en Montes de Oca."},"content":{"rendered":"<p>\t<a href=\"http:\/\/armstrongyregion.com.ar\/diario\/wp-content\/uploads\/2017\/01\/Canal-Mtes-Oca-.jpg\"><img loading=\"lazy\" decoding=\"async\" src=\"http:\/\/armstrongyregion.com.ar\/diario\/wp-content\/uploads\/2017\/01\/Canal-Mtes-Oca--300x169.jpg\" alt=\"canal-mtes-oca\" width=\"300\" height=\"169\" class=\"alignnone size-medium wp-image-11294\" srcset=\"https:\/\/armstrongyregion.com.ar\/diario\/wp-content\/uploads\/2017\/01\/Canal-Mtes-Oca--300x169.jpg 300w, https:\/\/armstrongyregion.com.ar\/diario\/wp-content\/uploads\/2017\/01\/Canal-Mtes-Oca--1024x576.jpg 1024w, https:\/\/armstrongyregion.com.ar\/diario\/wp-content\/uploads\/2017\/01\/Canal-Mtes-Oca-.jpg 1920w\" sizes=\"auto, (max-width: 300px) 100vw, 300px\" \/><\/a>Ser\u00e1 a trav\u00e9s de un convenio firmado entre el gobierno provincial y la comuna. Los trabajos implican una inversi\u00f3n provincial de $ 230.256.<br \/>\nEl ministro de Infraestructura y Transporte, Jos\u00e9 Garibay, y el presidente comunal de Montes de Oca, Leandro Dietschi, firmaron este viernes un convenio para la reconstrucci\u00f3n del terrapl\u00e9n de defensa este de dicha localidad.<\/p>\n<p>La firma se llev\u00f3 a cabo en la sede Rosario del Ministerio y cont\u00f3 con la presencia del senador departamental Guillermo Cornaglia y el director de Proyectos del Ministerio de Infraestructura y Transporte, Pablo Belitieri.<\/p>\n<p>\u201cLa protecci\u00f3n de los centros urbanos son para nosotros temas centrales de gesti\u00f3n. Estamos llevando adelante un plan de infraestructura ambicioso que incluye a este punto como uno de los principales\u201d, indic\u00f3 el ministro luego de la firma.<\/p>\n<p>CONVENIO<br \/>\nEl convenio con la comuna de Montes de Oca tiene como objetivo la realizaci\u00f3n de los trabajos de restituci\u00f3n del terrapl\u00e9n lateral (este) del canal interprovincial San Antonio, que se encuentra afectado por dos cortes que se generaron a ra\u00edz de erosiones en situaciones extraordinarias.<\/p>\n<p>Esas brechas se ubican unos 12 kil\u00f3metros al oeste del ejido urbano y generan anegamientos de una gran \u00e1rea rural. Las brechas son de unos 17 metros de largo, en una secci\u00f3n transversal de geometr\u00eda trapezoidal de unos 14 metros de base de fondo, un ancho de ocho metros de coronamiento superior, taludes tendidos a 45 metros y una altura media de unos tres metros. Los trabajos prev\u00e9n la restituci\u00f3n de la secci\u00f3n trapezoidal del terrapl\u00e9n en capas de suelo seleccionado.<\/p>\n<p>El convenio prev\u00e9 una inversi\u00f3n del gobierno provincial de $ 230.256 y un plazo de obra de 90 d\u00edas desde el inicio de su ejecuci\u00f3n. <\/p>\n<p>PROTECCI\u00d3N URBANA CONTRA INUNDACIONES<br \/>\nPara proteger los centros urbanos de las inundaciones y evitar situaciones tr\u00e1gicas por imprevisi\u00f3n, como las ocurridas en el pasado, el gobierno de la provincia de Santa Fe avanz\u00f3 tanto en medidas estructurales, a trav\u00e9s de la construcci\u00f3n de obras concretas, como en medidas no estructurales, transformando el modo en el que se abordan los problemas h\u00eddricos.<\/p>\n","protected":false},"excerpt":{"rendered":"<p>Ser\u00e1 a trav\u00e9s de un convenio firmado entre el gobierno provincial y la comuna. Los trabajos implican una inversi\u00f3n provincial de $ 230.256. El ministro de Infraestructura y Transporte, Jos\u00e9 Garibay, y el presidente comunal de Montes de Oca, Leandro Dietschi, firmaron este viernes un convenio para la reconstrucci\u00f3n del terrapl\u00e9n de defensa este de <a href=\"https:\/\/armstrongyregion.com.ar\/diario\/la-provincia-reconstruira-el-terraplen-de-defensa-en-montes-de-oca\/\" title=\"Read more\" >&#8230;<\/a><\/p>\n","protected":false},"author":1,"featured_media":11294,"comment_status":"open","ping_status":"open","sticky":false,"template":"","format":"standard","meta":{"_jetpack_memberships_contains_paid_content":false,"footnotes":"","jetpack_publicize_message":"","jetpack_publicize_feature_enabled":true,"jetpack_social_post_already_shared":false,"jetpack_social_options":{"image_generator_settings":{"template":"highway","default_image_id":0,"enabled":false},"version":2}},"categories":[1,2,3],"tags":[4881],"class_list":["post-11293","post","type-post","status-publish","format-standard","has-post-thumbnail","hentry","category-diario-armstrong","category-locales","category-region","tag-la-provincia-reconstruira-el-terraplen-de-defensa-en-montes-de-oca"],"jetpack_publicize_connections":[],"jetpack_featured_media_url":"https:\/\/armstrongyregion.com.ar\/diario\/wp-content\/uploads\/2017\/01\/Canal-Mtes-Oca-.jpg","jetpack_shortlink":"https:\/\/wp.me\/p62QDO-2W9","jetpack_sharing_enabled":true,"amp_enabled":true,"_links":{"self":[{"href":"https:\/\/armstrongyregion.com.ar\/diario\/wp-json\/wp\/v2\/posts\/11293","targetHints":{"allow":["GET"]}}],"collection":[{"href":"https:\/\/armstrongyregion.com.ar\/diario\/wp-json\/wp\/v2\/posts"}],"about":[{"href":"https:\/\/armstrongyregion.com.ar\/diario\/wp-json\/wp\/v2\/types\/post"}],"author":[{"embeddable":true,"href":"https:\/\/armstrongyregion.com.ar\/diario\/wp-json\/wp\/v2\/users\/1"}],"replies":[{"embeddable":true,"href":"https:\/\/armstrongyregion.com.ar\/diario\/wp-json\/wp\/v2\/comments?post=11293"}],"version-history":[{"count":0,"href":"https:\/\/armstrongyregion.com.ar\/diario\/wp-json\/wp\/v2\/posts\/11293\/revisions"}],"wp:featuredmedia":[{"embeddable":true,"href":"https:\/\/armstrongyregion.com.ar\/diario\/wp-json\/wp\/v2\/media\/11294"}],"wp:attachment":[{"href":"https:\/\/armstrongyregion.com.ar\/diario\/wp-json\/wp\/v2\/media?parent=11293"}],"wp:term":[{"taxonomy":"category","embeddable":true,"href":"https:\/\/armstrongyregion.com.ar\/diario\/wp-json\/wp\/v2\/categories?post=11293"},{"taxonomy":"post_tag","embeddable":true,"href":"https:\/\/armstrongyregion.com.ar\/diario\/wp-json\/wp\/v2\/tags?post=11293"}],"curies":[{"name":"wp","href":"https:\/\/api.w.org\/{rel}","templated":true}]}}