{"id":11239,"date":"2017-01-04T16:35:15","date_gmt":"2017-01-04T16:35:15","guid":{"rendered":"https:\/\/armstrongyregion.com.ar\/diario\/?p=11239"},"modified":"2017-01-04T16:35:15","modified_gmt":"2017-01-04T16:35:15","slug":"correa-cuenta-regresiva-para-un-nuevo-latinoamericano","status":"publish","type":"post","link":"https:\/\/armstrongyregion.com.ar\/diario\/correa-cuenta-regresiva-para-un-nuevo-latinoamericano\/","title":{"rendered":"Correa: cuenta regresiva para un nuevo Latinoamericano."},"content":{"rendered":"<p><a href=\"http:\/\/armstrongyregion.com.ar\/diario\/wp-content\/uploads\/2017\/01\/latinoamericano1-.jpg\"><img loading=\"lazy\" decoding=\"async\" src=\"http:\/\/armstrongyregion.com.ar\/diario\/wp-content\/uploads\/2017\/01\/latinoamericano1--300x232.jpg\" alt=\"latinoamericano1\" width=\"300\" height=\"232\" class=\"alignnone size-medium wp-image-11240\" srcset=\"https:\/\/armstrongyregion.com.ar\/diario\/wp-content\/uploads\/2017\/01\/latinoamericano1--300x232.jpg 300w, https:\/\/armstrongyregion.com.ar\/diario\/wp-content\/uploads\/2017\/01\/latinoamericano1-.jpg 720w\" sizes=\"auto, (max-width: 300px) 100vw, 300px\" \/><\/a>A menos de 10 d\u00edas del comienzo del Latinoamericano 2017, ya se conoce la grilla de artistas que ser\u00e1n parte del encuentro cultural, que en esta oportunidad convocar\u00e1 a cuatro delegaciones extranjeras.<br \/>\nEl flamante escenario \u00abEmilio Arcec\u00bb del Polideportivo recibir\u00e1 del 13 al 15 de enero la quinta edici\u00f3n de este festival impulsado por el Concejo de Cultura de la Comuna de Correa. El viernes habr\u00e1 una conferencia de prensa y el domingo un desfile de todas las delegaciones.<\/p>\n<p>Se destaca en esta oportunidad la participaci\u00f3n de cuatro grupos que llegan desde diferentes puntos del continente: Upari de Colombia, Grupo Continental y ballet Ciudad de la Banda de M\u00e9xico, Godap de Brasil y Beto Campos de Costa Rica.<\/p>\n<p>Adem\u00e1s de estas delegaciones, el Latinoamericano contar\u00e1 con la habitual participaci\u00f3n de artistas locales y de la regi\u00f3n. Seg\u00fan se inform\u00f3 desde la organizaci\u00f3n, ya est\u00e1n confirmados Nico Scrinzi, Cladia y Roberto, la Escuela Comunal de M\u00fasica, Coral Pueblo, Daniel Urquilla y Mihoko Sakata, Daniel Manzi, Lorena Felipelli, Compa\u00f1\u00eda El Latir de Buenos Aires, Los de ac\u00e1, Julieta Marucco, Carla Troncoso, Germ\u00e1n Staffolani, Fabio Santana, Esteban Echaniz, Ludmila Herrera, Pe\u00f1a El Amanecer, Rafael Ch\u00e1vez, Ballet Huellas Criollas, Gustavo Pessina, Compa\u00f1\u00eda Alma Argentina, Ceibales, Beto Ponce, Tuki Bragalenti, Nin Cirioni, Facundo Arcec, Lucas Dibono, Javier Ledesma, Magal\u00ed Orellano, Sue\u00f1os del Carcara\u00f1a, Senderos de mi Patria y Ricardo Palavecino.<\/p>\n<p>En la foto, las caras de quienes estar\u00e1n el d\u00eda viernes 13 de enero:<br \/>\n<a href=\"http:\/\/armstrongyregion.com.ar\/diario\/wp-content\/uploads\/2017\/01\/latinoamericano-.jpg\"><img loading=\"lazy\" decoding=\"async\" src=\"http:\/\/armstrongyregion.com.ar\/diario\/wp-content\/uploads\/2017\/01\/latinoamericano--300x111.jpg\" alt=\"latinoamericano\" width=\"300\" height=\"111\" class=\"alignnone size-medium wp-image-11241\" srcset=\"https:\/\/armstrongyregion.com.ar\/diario\/wp-content\/uploads\/2017\/01\/latinoamericano--300x111.jpg 300w, https:\/\/armstrongyregion.com.ar\/diario\/wp-content\/uploads\/2017\/01\/latinoamericano-.jpg 720w\" sizes=\"auto, (max-width: 300px) 100vw, 300px\" \/><\/a><\/p>\n","protected":false},"excerpt":{"rendered":"<p>A menos de 10 d\u00edas del comienzo del Latinoamericano 2017, ya se conoce la grilla de artistas que ser\u00e1n parte del encuentro cultural, que en esta oportunidad convocar\u00e1 a cuatro delegaciones extranjeras. El flamante escenario \u00abEmilio Arcec\u00bb del Polideportivo recibir\u00e1 del 13 al 15 de enero la quinta edici\u00f3n de este festival impulsado por el <a href=\"https:\/\/armstrongyregion.com.ar\/diario\/correa-cuenta-regresiva-para-un-nuevo-latinoamericano\/\" title=\"Read more\" >&#8230;<\/a><\/p>\n","protected":false},"author":1,"featured_media":11240,"comment_status":"open","ping_status":"open","sticky":false,"template":"","format":"standard","meta":{"_jetpack_memberships_contains_paid_content":false,"footnotes":"","jetpack_publicize_message":"","jetpack_publicize_feature_enabled":true,"jetpack_social_post_already_shared":false,"jetpack_social_options":{"image_generator_settings":{"template":"highway","default_image_id":0,"enabled":false},"version":2}},"categories":[6,8,1,3],"tags":[4862],"class_list":["post-11239","post","type-post","status-publish","format-standard","has-post-thumbnail","hentry","category-cultura-entretenimiento","category-deliberando","category-diario-armstrong","category-region","tag-correa-cuenta-regresiva-para-un-nuevo-latinoamericano"],"jetpack_publicize_connections":[],"jetpack_featured_media_url":"https:\/\/armstrongyregion.com.ar\/diario\/wp-content\/uploads\/2017\/01\/latinoamericano1-.jpg","jetpack_shortlink":"https:\/\/wp.me\/p62QDO-2Vh","jetpack_sharing_enabled":true,"amp_enabled":true,"_links":{"self":[{"href":"https:\/\/armstrongyregion.com.ar\/diario\/wp-json\/wp\/v2\/posts\/11239","targetHints":{"allow":["GET"]}}],"collection":[{"href":"https:\/\/armstrongyregion.com.ar\/diario\/wp-json\/wp\/v2\/posts"}],"about":[{"href":"https:\/\/armstrongyregion.com.ar\/diario\/wp-json\/wp\/v2\/types\/post"}],"author":[{"embeddable":true,"href":"https:\/\/armstrongyregion.com.ar\/diario\/wp-json\/wp\/v2\/users\/1"}],"replies":[{"embeddable":true,"href":"https:\/\/armstrongyregion.com.ar\/diario\/wp-json\/wp\/v2\/comments?post=11239"}],"version-history":[{"count":0,"href":"https:\/\/armstrongyregion.com.ar\/diario\/wp-json\/wp\/v2\/posts\/11239\/revisions"}],"wp:featuredmedia":[{"embeddable":true,"href":"https:\/\/armstrongyregion.com.ar\/diario\/wp-json\/wp\/v2\/media\/11240"}],"wp:attachment":[{"href":"https:\/\/armstrongyregion.com.ar\/diario\/wp-json\/wp\/v2\/media?parent=11239"}],"wp:term":[{"taxonomy":"category","embeddable":true,"href":"https:\/\/armstrongyregion.com.ar\/diario\/wp-json\/wp\/v2\/categories?post=11239"},{"taxonomy":"post_tag","embeddable":true,"href":"https:\/\/armstrongyregion.com.ar\/diario\/wp-json\/wp\/v2\/tags?post=11239"}],"curies":[{"name":"wp","href":"https:\/\/api.w.org\/{rel}","templated":true}]}}