{"id":11155,"date":"2016-12-27T11:57:30","date_gmt":"2016-12-27T11:57:30","guid":{"rendered":"https:\/\/armstrongyregion.com.ar\/diario\/?p=11155"},"modified":"2016-12-27T11:57:30","modified_gmt":"2016-12-27T11:57:30","slug":"deliberando-hoy-un-diputado-provincial-y-senador-dto-belgrano","status":"publish","type":"post","link":"https:\/\/armstrongyregion.com.ar\/diario\/deliberando-hoy-un-diputado-provincial-y-senador-dto-belgrano\/","title":{"rendered":"Deliberando: Hoy un Diputado Provincial y Senador Dto. Belgrano."},"content":{"rendered":"<p><a href=\"http:\/\/armstrongyregion.com.ar\/diario\/wp-content\/uploads\/2016\/12\/DSC_0389.jpg\"><img loading=\"lazy\" decoding=\"async\" src=\"http:\/\/armstrongyregion.com.ar\/diario\/wp-content\/uploads\/2016\/12\/DSC_0389-300x200.jpg\" alt=\"Miguel-Solis-\" width=\"300\" height=\"200\" class=\"alignnone size-medium wp-image-11156\" srcset=\"https:\/\/armstrongyregion.com.ar\/diario\/wp-content\/uploads\/2016\/12\/DSC_0389-300x200.jpg 300w, https:\/\/armstrongyregion.com.ar\/diario\/wp-content\/uploads\/2016\/12\/DSC_0389-1024x683.jpg 1024w\" sizes=\"auto, (max-width: 300px) 100vw, 300px\" \/><\/a>El Diputado Miguel Sol\u00eds nos informara sobre su labor legislativa en su primer a\u00f1o de mandato. Qu\u00e9 proyectos ha priorizado y su visi\u00f3n sobre la provincia de Santa Fe en cuanto a la pol\u00edtica econ\u00f3mica que vive el pa\u00eds. Tambi\u00e9n nos contara sobre sus proyectos a futuro.<br \/>\n<a href=\"http:\/\/armstrongyregion.com.ar\/diario\/wp-content\/uploads\/2016\/12\/DSC_0394.jpg\"><img loading=\"lazy\" decoding=\"async\" src=\"http:\/\/armstrongyregion.com.ar\/diario\/wp-content\/uploads\/2016\/12\/DSC_0394-300x200.jpg\" alt=\"Guille-Cornaglia-\" width=\"300\" height=\"200\" class=\"alignnone size-medium wp-image-11157\" srcset=\"https:\/\/armstrongyregion.com.ar\/diario\/wp-content\/uploads\/2016\/12\/DSC_0394-300x200.jpg 300w, https:\/\/armstrongyregion.com.ar\/diario\/wp-content\/uploads\/2016\/12\/DSC_0394-1024x683.jpg 1024w\" sizes=\"auto, (max-width: 300px) 100vw, 300px\" \/><\/a>Guillermo Cornaglia Senador del Dto. Belgrano har\u00e1 un balance de todo el trabajo realizado durante este 2016. Las gestiones que m\u00e1s lo movilizaron. La relaci\u00f3n con cada municipio y comuna del departamento y proyectos a futuro de cara a un a\u00f1o electoral.<br \/>\nTodo este martes en DELIBERANDO, con la conducci\u00f3n y producci\u00f3n de la lic. Graciela De la Casa, Oscar Crispino y Ezequiel Piccoli.<br \/>\nMartes 21hs por Cable Imagen Armstrong.<br \/>\nJueves 22hs Cablevisi\u00f3n.<\/p>\n","protected":false},"excerpt":{"rendered":"<p>El Diputado Miguel Sol\u00eds nos informara sobre su labor legislativa en su primer a\u00f1o de mandato. Qu\u00e9 proyectos ha priorizado y su visi\u00f3n sobre la provincia de Santa Fe en cuanto a la pol\u00edtica econ\u00f3mica que vive el pa\u00eds. Tambi\u00e9n nos contara sobre sus proyectos a futuro. Guillermo Cornaglia Senador del Dto. Belgrano har\u00e1 un <a href=\"https:\/\/armstrongyregion.com.ar\/diario\/deliberando-hoy-un-diputado-provincial-y-senador-dto-belgrano\/\" title=\"Read more\" >&#8230;<\/a><\/p>\n","protected":false},"author":1,"featured_media":11156,"comment_status":"open","ping_status":"open","sticky":false,"template":"","format":"standard","meta":{"_jetpack_memberships_contains_paid_content":false,"footnotes":"","jetpack_publicize_message":"","jetpack_publicize_feature_enabled":true,"jetpack_social_post_already_shared":false,"jetpack_social_options":{"image_generator_settings":{"template":"highway","default_image_id":0,"enabled":false},"version":2}},"categories":[8,1,2,7,3],"tags":[44,4832],"class_list":["post-11155","post","type-post","status-publish","format-standard","has-post-thumbnail","hentry","category-deliberando","category-diario-armstrong","category-locales","category-politica","category-region","tag-deliberando-2","tag-deliberando-hoy-un-diputado-provincial-y-senador-dto-belgrano"],"jetpack_publicize_connections":[],"jetpack_featured_media_url":"https:\/\/armstrongyregion.com.ar\/diario\/wp-content\/uploads\/2016\/12\/DSC_0389.jpg","jetpack_shortlink":"https:\/\/wp.me\/p62QDO-2TV","jetpack_sharing_enabled":true,"amp_enabled":true,"_links":{"self":[{"href":"https:\/\/armstrongyregion.com.ar\/diario\/wp-json\/wp\/v2\/posts\/11155","targetHints":{"allow":["GET"]}}],"collection":[{"href":"https:\/\/armstrongyregion.com.ar\/diario\/wp-json\/wp\/v2\/posts"}],"about":[{"href":"https:\/\/armstrongyregion.com.ar\/diario\/wp-json\/wp\/v2\/types\/post"}],"author":[{"embeddable":true,"href":"https:\/\/armstrongyregion.com.ar\/diario\/wp-json\/wp\/v2\/users\/1"}],"replies":[{"embeddable":true,"href":"https:\/\/armstrongyregion.com.ar\/diario\/wp-json\/wp\/v2\/comments?post=11155"}],"version-history":[{"count":0,"href":"https:\/\/armstrongyregion.com.ar\/diario\/wp-json\/wp\/v2\/posts\/11155\/revisions"}],"wp:featuredmedia":[{"embeddable":true,"href":"https:\/\/armstrongyregion.com.ar\/diario\/wp-json\/wp\/v2\/media\/11156"}],"wp:attachment":[{"href":"https:\/\/armstrongyregion.com.ar\/diario\/wp-json\/wp\/v2\/media?parent=11155"}],"wp:term":[{"taxonomy":"category","embeddable":true,"href":"https:\/\/armstrongyregion.com.ar\/diario\/wp-json\/wp\/v2\/categories?post=11155"},{"taxonomy":"post_tag","embeddable":true,"href":"https:\/\/armstrongyregion.com.ar\/diario\/wp-json\/wp\/v2\/tags?post=11155"}],"curies":[{"name":"wp","href":"https:\/\/api.w.org\/{rel}","templated":true}]}}