{"id":11149,"date":"2016-12-27T11:11:45","date_gmt":"2016-12-27T11:11:45","guid":{"rendered":"https:\/\/armstrongyregion.com.ar\/diario\/?p=11149"},"modified":"2016-12-27T11:11:45","modified_gmt":"2016-12-27T11:11:45","slug":"definieron-las-fechas-de-las-proximas-elecciones-en-santa-fe","status":"publish","type":"post","link":"https:\/\/armstrongyregion.com.ar\/diario\/definieron-las-fechas-de-las-proximas-elecciones-en-santa-fe\/","title":{"rendered":"Definieron las fechas de las pr\u00f3ximas elecciones en Santa Fe."},"content":{"rendered":"<p><a href=\"http:\/\/armstrongyregion.com.ar\/diario\/wp-content\/uploads\/2016\/12\/balotajevotoelecciones5.jpg_1305449671.jpg\"><img loading=\"lazy\" decoding=\"async\" src=\"http:\/\/armstrongyregion.com.ar\/diario\/wp-content\/uploads\/2016\/12\/balotajevotoelecciones5.jpg_1305449671-300x169.jpg\" alt=\"balotajevotoelecciones5-jpg_1305449671\" width=\"300\" height=\"169\" class=\"alignnone size-medium wp-image-11150\" srcset=\"https:\/\/armstrongyregion.com.ar\/diario\/wp-content\/uploads\/2016\/12\/balotajevotoelecciones5.jpg_1305449671-300x169.jpg 300w, https:\/\/armstrongyregion.com.ar\/diario\/wp-content\/uploads\/2016\/12\/balotajevotoelecciones5.jpg_1305449671.jpg 847w\" sizes=\"auto, (max-width: 300px) 100vw, 300px\" \/><\/a>El gobernador decidi\u00f3 unificar los comicios provinciales con los nacionales. El decreto de convocatoria lo firmar\u00e1 entre el martes y el mi\u00e9rcoles, seg\u00fan dijo a la prensa santafesina.<\/p>\n<p>El gobernador, Miguel Lifschitz, firmar\u00e1 hoy martes el decreto de convocatoria a elecciones para el pr\u00f3ximo a\u00f1o. Hab\u00eda anunciado la semana pasada que \u00abultimaba detalles\u00bb con la Justicia electoral federal para hacerlo. <\/p>\n<p>Las Primarias, Abiertas, Simult\u00e1neas y Obligatorias (Paso) se llevar\u00e1n a cabo el 13 de agosto. En tanto, las definitivas el 22 de octubre.<\/p>\n<p>El gobernador hab\u00eda manifestado que \u00abera un desprop\u00f3sito\u00bb que el a\u00f1o pr\u00f3ximo se votara en cuatro ocasiones. \u00abEntre martes y mi\u00e9rcoles firmo el decreto de convocatoria a elecciones conjuntas\u00bb, se\u00f1al\u00f3 en contacto con LT9.<\/p>\n<p>\u00abVamos a avanzar en los pr\u00f3ximos d\u00edas. Nosotros tenemos que mantener para las elecciones locales la boleta \u00fanica, incluso la ley provincial establece que \u00e9se es el \u00fanico sistema que puede utilizarse, y por otro lado, Naci\u00f3n tiene el sistema de boleta s\u00e1bana com\u00fan, pero esto es perfectamente compatible. Ya lo hicimos en 2013 y espero que lo podamos hacer en esta oportunidad sin inconveniente\u00bb, expres\u00f3 Lifschitz la semana pasada.<br \/>\nRosario3.com<\/p>\n","protected":false},"excerpt":{"rendered":"<p>El gobernador decidi\u00f3 unificar los comicios provinciales con los nacionales. El decreto de convocatoria lo firmar\u00e1 entre el martes y el mi\u00e9rcoles, seg\u00fan dijo a la prensa santafesina. El gobernador, Miguel Lifschitz, firmar\u00e1 hoy martes el decreto de convocatoria a elecciones para el pr\u00f3ximo a\u00f1o. Hab\u00eda anunciado la semana pasada que \u00abultimaba detalles\u00bb con la <a href=\"https:\/\/armstrongyregion.com.ar\/diario\/definieron-las-fechas-de-las-proximas-elecciones-en-santa-fe\/\" title=\"Read more\" >&#8230;<\/a><\/p>\n","protected":false},"author":1,"featured_media":11150,"comment_status":"open","ping_status":"open","sticky":false,"template":"","format":"standard","meta":{"_jetpack_memberships_contains_paid_content":false,"footnotes":"","jetpack_publicize_message":"","jetpack_publicize_feature_enabled":true,"jetpack_social_post_already_shared":false,"jetpack_social_options":{"image_generator_settings":{"template":"highway","default_image_id":0,"enabled":false},"version":2}},"categories":[1,2,7,3],"tags":[4830],"class_list":["post-11149","post","type-post","status-publish","format-standard","has-post-thumbnail","hentry","category-diario-armstrong","category-locales","category-politica","category-region","tag-definieron-las-fechas-de-las-proximas-elecciones-en-santa-fe"],"jetpack_publicize_connections":[],"jetpack_featured_media_url":"https:\/\/armstrongyregion.com.ar\/diario\/wp-content\/uploads\/2016\/12\/balotajevotoelecciones5.jpg_1305449671.jpg","jetpack_shortlink":"https:\/\/wp.me\/p62QDO-2TP","jetpack_sharing_enabled":true,"amp_enabled":true,"_links":{"self":[{"href":"https:\/\/armstrongyregion.com.ar\/diario\/wp-json\/wp\/v2\/posts\/11149","targetHints":{"allow":["GET"]}}],"collection":[{"href":"https:\/\/armstrongyregion.com.ar\/diario\/wp-json\/wp\/v2\/posts"}],"about":[{"href":"https:\/\/armstrongyregion.com.ar\/diario\/wp-json\/wp\/v2\/types\/post"}],"author":[{"embeddable":true,"href":"https:\/\/armstrongyregion.com.ar\/diario\/wp-json\/wp\/v2\/users\/1"}],"replies":[{"embeddable":true,"href":"https:\/\/armstrongyregion.com.ar\/diario\/wp-json\/wp\/v2\/comments?post=11149"}],"version-history":[{"count":0,"href":"https:\/\/armstrongyregion.com.ar\/diario\/wp-json\/wp\/v2\/posts\/11149\/revisions"}],"wp:featuredmedia":[{"embeddable":true,"href":"https:\/\/armstrongyregion.com.ar\/diario\/wp-json\/wp\/v2\/media\/11150"}],"wp:attachment":[{"href":"https:\/\/armstrongyregion.com.ar\/diario\/wp-json\/wp\/v2\/media?parent=11149"}],"wp:term":[{"taxonomy":"category","embeddable":true,"href":"https:\/\/armstrongyregion.com.ar\/diario\/wp-json\/wp\/v2\/categories?post=11149"},{"taxonomy":"post_tag","embeddable":true,"href":"https:\/\/armstrongyregion.com.ar\/diario\/wp-json\/wp\/v2\/tags?post=11149"}],"curies":[{"name":"wp","href":"https:\/\/api.w.org\/{rel}","templated":true}]}}