{"id":11133,"date":"2016-12-26T13:49:45","date_gmt":"2016-12-26T13:49:45","guid":{"rendered":"https:\/\/armstrongyregion.com.ar\/diario\/?p=11133"},"modified":"2016-12-26T13:59:11","modified_gmt":"2016-12-26T13:59:11","slug":"convocatoria-de-artista-regionales-las-tres-lunas-2017","status":"publish","type":"post","link":"https:\/\/armstrongyregion.com.ar\/diario\/convocatoria-de-artista-regionales-las-tres-lunas-2017\/","title":{"rendered":"Convocatoria de artistas regionales \u00abLas Tres Lunas 2017\u00bb"},"content":{"rendered":"<p><a href=\"http:\/\/armstrongyregion.com.ar\/diario\/wp-content\/uploads\/2016\/12\/Tres-Lunas-.jpg\"><img loading=\"lazy\" decoding=\"async\" src=\"http:\/\/armstrongyregion.com.ar\/diario\/wp-content\/uploads\/2016\/12\/Tres-Lunas--300x220.jpg\" alt=\"tres-lunas\" width=\"300\" height=\"220\" class=\"alignnone size-medium wp-image-11134\" srcset=\"https:\/\/armstrongyregion.com.ar\/diario\/wp-content\/uploads\/2016\/12\/Tres-Lunas--300x220.jpg 300w, https:\/\/armstrongyregion.com.ar\/diario\/wp-content\/uploads\/2016\/12\/Tres-Lunas--1024x752.jpg 1024w, https:\/\/armstrongyregion.com.ar\/diario\/wp-content\/uploads\/2016\/12\/Tres-Lunas-.jpg 1046w\" sizes=\"auto, (max-width: 300px) 100vw, 300px\" \/><\/a>La Comisi\u00f3n Organizadora del Festival \u00abLas Tres Lunas\u00bb comunica que, aquellos artistas que no residan en Ca\u00f1ada de G\u00f3mez ni pertenezcan a grupos locales y deseen participar en el festival, deber\u00e1n enviar datos completos incluyendo curriculum, trayectoria, fotos y un demo en DVD, CD o pendrive a los fines de ser incluidos en la pre selecci\u00f3n de artistas que ocupar\u00e1n la grilla.<br \/>\nLos g\u00e9neros ser\u00e1n exclusivamente tango y\/o folclore. La pre selecci\u00f3n estar\u00e1 a cargo de un jurado especializado  compuesto como subcomisi\u00f3n de preselecci\u00f3n de artistas y os representantes de la subcomisi\u00f3n se comunicar\u00e1n con los artistas que resulten elegidos con una anticipaci\u00f3n m\u00e1xima de 1 (un) mes  antes de la realizaci\u00f3n del espect\u00e1culo.<br \/>\nLos datos solicitados ser\u00e1n recepcionados en  NAC  Ca\u00f1ada de G\u00f3mez (Quintana 46)  de lunes a viernes de 8 a 12 hs.  o v\u00eda mail  (en caso de acompa\u00f1ar con videos de p\u00e1ginas de internet) a                           festivaltreslunas@gmail.com desde el 26 de diciembre de 2016 hasta las 12 hs. del 13 de enero de 2017.<br \/>\nNo se aceptar\u00e1 ning\u00fan otro tipo de presentaci\u00f3n que no sea a trav\u00e9s de los canales mencionados. El festival se realizar\u00e1 en el Polideportivo \u00abV\u00edctor y Agulino Carbonari\u00bb los d\u00edas 24, 25 y 26 de febrero de 2017.<\/p>\n","protected":false},"excerpt":{"rendered":"<p>La Comisi\u00f3n Organizadora del Festival \u00abLas Tres Lunas\u00bb comunica que, aquellos artistas que no residan en Ca\u00f1ada de G\u00f3mez ni pertenezcan a grupos locales y deseen participar en el festival, deber\u00e1n enviar datos completos incluyendo curriculum, trayectoria, fotos y un demo en DVD, CD o pendrive a los fines de ser incluidos en la pre <a href=\"https:\/\/armstrongyregion.com.ar\/diario\/convocatoria-de-artista-regionales-las-tres-lunas-2017\/\" title=\"Read more\" >&#8230;<\/a><\/p>\n","protected":false},"author":1,"featured_media":11134,"comment_status":"open","ping_status":"open","sticky":false,"template":"","format":"standard","meta":{"_jetpack_memberships_contains_paid_content":false,"footnotes":"","jetpack_publicize_message":"","jetpack_publicize_feature_enabled":true,"jetpack_social_post_already_shared":false,"jetpack_social_options":{"image_generator_settings":{"template":"highway","default_image_id":0,"enabled":false},"version":2}},"categories":[6,1,2,3],"tags":[4825],"class_list":["post-11133","post","type-post","status-publish","format-standard","has-post-thumbnail","hentry","category-cultura-entretenimiento","category-diario-armstrong","category-locales","category-region","tag-convocatoria-de-artista-regionales-las-tres-lunas-2017"],"jetpack_publicize_connections":[],"jetpack_featured_media_url":"https:\/\/armstrongyregion.com.ar\/diario\/wp-content\/uploads\/2016\/12\/Tres-Lunas-.jpg","jetpack_shortlink":"https:\/\/wp.me\/p62QDO-2Tz","jetpack_sharing_enabled":true,"amp_enabled":true,"_links":{"self":[{"href":"https:\/\/armstrongyregion.com.ar\/diario\/wp-json\/wp\/v2\/posts\/11133","targetHints":{"allow":["GET"]}}],"collection":[{"href":"https:\/\/armstrongyregion.com.ar\/diario\/wp-json\/wp\/v2\/posts"}],"about":[{"href":"https:\/\/armstrongyregion.com.ar\/diario\/wp-json\/wp\/v2\/types\/post"}],"author":[{"embeddable":true,"href":"https:\/\/armstrongyregion.com.ar\/diario\/wp-json\/wp\/v2\/users\/1"}],"replies":[{"embeddable":true,"href":"https:\/\/armstrongyregion.com.ar\/diario\/wp-json\/wp\/v2\/comments?post=11133"}],"version-history":[{"count":0,"href":"https:\/\/armstrongyregion.com.ar\/diario\/wp-json\/wp\/v2\/posts\/11133\/revisions"}],"wp:featuredmedia":[{"embeddable":true,"href":"https:\/\/armstrongyregion.com.ar\/diario\/wp-json\/wp\/v2\/media\/11134"}],"wp:attachment":[{"href":"https:\/\/armstrongyregion.com.ar\/diario\/wp-json\/wp\/v2\/media?parent=11133"}],"wp:term":[{"taxonomy":"category","embeddable":true,"href":"https:\/\/armstrongyregion.com.ar\/diario\/wp-json\/wp\/v2\/categories?post=11133"},{"taxonomy":"post_tag","embeddable":true,"href":"https:\/\/armstrongyregion.com.ar\/diario\/wp-json\/wp\/v2\/tags?post=11133"}],"curies":[{"name":"wp","href":"https:\/\/api.w.org\/{rel}","templated":true}]}}