{"id":11089,"date":"2016-12-22T17:09:05","date_gmt":"2016-12-22T17:09:05","guid":{"rendered":"https:\/\/armstrongyregion.com.ar\/diario\/?p=11089"},"modified":"2016-12-22T17:09:05","modified_gmt":"2016-12-22T17:09:05","slug":"asesinato-de-gerardo-torresi-fiscalia-pidio-procesamiento-y-detencion-del-imputado","status":"publish","type":"post","link":"https:\/\/armstrongyregion.com.ar\/diario\/asesinato-de-gerardo-torresi-fiscalia-pidio-procesamiento-y-detencion-del-imputado\/","title":{"rendered":"Asesinato de Gerardo Torresi. Fiscal\u00eda pidi\u00f3 procesamiento y detenci\u00f3n del imputado."},"content":{"rendered":"<p><a href=\"http:\/\/armstrongyregion.com.ar\/diario\/wp-content\/uploads\/2016\/12\/Gerardo-Torresi.jpg\"><img loading=\"lazy\" decoding=\"async\" src=\"http:\/\/armstrongyregion.com.ar\/diario\/wp-content\/uploads\/2016\/12\/Gerardo-Torresi-300x225.jpg\" alt=\"gerardo-torresi\" width=\"300\" height=\"225\" class=\"alignnone size-medium wp-image-11090\" srcset=\"https:\/\/armstrongyregion.com.ar\/diario\/wp-content\/uploads\/2016\/12\/Gerardo-Torresi-300x225.jpg 300w, https:\/\/armstrongyregion.com.ar\/diario\/wp-content\/uploads\/2016\/12\/Gerardo-Torresi-1024x768.jpg 1024w\" sizes=\"auto, (max-width: 300px) 100vw, 300px\" \/><\/a>As\u00ed lo solicit\u00f3 la Fiscal Gabriela Lescano en base a la pericia psicol\u00f3gica realizada al acusado. Tambi\u00e9n dictaminar\u00e1 sobre polic\u00edas por haber desviado la investigaci\u00f3n, entre otros delitos. Ahora todo debe ser resuelto por el juez Rizzardi. <\/p>\n<p>FUENTE: PERIODICO EL INFORME DE LA CIUDAD (CA\u00d1ADA DE GOMEZ)<\/p>\n<p>La investigaci\u00f3n por el homicidio de Gerardo Torresi puede llegar a dar un paso importante. El informe completo de la pericia psicol\u00f3gica hecha sobre el imputado ya est\u00e1 en poder de la Fiscal\u00eda y, en base a lo que all\u00ed se concluye, la Dra. Gabriela Lescano ha pedido el procesamiento y la prisi\u00f3n de la persona que est\u00e1 imputada en la causa: \u201cEsta Fiscal\u00eda tiene la certeza suficiente con este informe cient\u00edfico de que el imputado ha cometido el delito. Esta medida probatoria nunca se hab\u00eda hecho en estos 14 a\u00f1os y me parece que se viene a sumar a todas las otras pruebas. Para m\u00ed como Fiscal ya hay pruebas suficientes de sospecha acerca de que esta persona cometi\u00f3 el homicidio. Todo eso me permite hacer visible el desborde que pudo tener esa persona en el momento del hecho, y para m\u00ed es suficiente para su procesamiento y detenci\u00f3n. Esta es mi postura como Fiscal de la causa\u201d.<br \/>\nTeniendo en cuenta todas las pruebas que se fueron recolectando en base a lo solicitado por la Fiscal\u00eda del Distrito Judicial 6, y tomando como base sobretodo el informe de la pericia psicol\u00f3gica hecha al imputado, la Dra. Gabriela Lescano ponder\u00f3 como muy importante por su rigor cient\u00edfico esta pericial (la cual arroja mucha precisi\u00f3n en cuanto a la personalidad, la conducta, las funciones cognitivas y la posibilidad de que el imputado es posible de un desborde, o sea de haber cometido el homicidio).<br \/>\nTodav\u00eda el Juez Rizzardi no se ha expedido al respecto, dio vista a las partes (tanto al querellante que representa a las hermanas de Gerardo Torresi como al abogado defensor) y tiene un plazo de diez d\u00edas h\u00e1biles para resolver sobre este pedido de la Fiscal\u00eda. Todo indica que para antes del inicio de la feria judicial, la causa por el homicidio de Gerardo Torresi d\u00e9 un giro inesperado: estuvo a punto de haber prescripto y ahora puede pasar a tener un autor material concreto.<br \/>\nLa investigaci\u00f3n tiene varias aristas. Incluso en estos d\u00edas la Fiscal Gabriela Lescano har\u00e1 otro dictamen con respecto a las imputaciones que pesan sobre el personal policial ya que la magistrada no est\u00e1 de acuerdo con varias l\u00edneas de investigaci\u00f3n que se fueron delineando y que en la pr\u00e1ctica no llevaron a un resultado positivo con el transcurso de todos estos a\u00f1os.<br \/>\nEn total la Fiscal Lescano resolvi\u00f3 seis imputaciones (cinco a polic\u00edas y una a un civil que ten\u00eda una relaci\u00f3n de parentesco con uno de ellos) por haber brindado alternativas de investigaci\u00f3n distintas al objetivo propio de la causa. Y se le tomaron declaraciones indagatorias a este personal policial con distinta jerarqu\u00eda por haber desviado la investigaci\u00f3n. Incluso se pidi\u00f3 la detenci\u00f3n de un polic\u00eda pero el juez Rizzardi oportunamente deneg\u00f3 este pedido.<br \/>\nTres de esos cinco polic\u00edas a\u00fan est\u00e1n en actividad (los otros dos ya pasaron a retiro y en el momento del crimen cumpl\u00edan funciones jer\u00e1rquicas muy importantes en la Unidad Regional X de Polic\u00eda) y se encuentran acusados de varios delitos, entre ellos, violaci\u00f3n de sellos y documentos, cohecho, tr\u00e1fico de influencias, abuso de autoridad, violaci\u00f3n de los deberes de funcionario p\u00fablico y encubrimiento agravado. Para graficarlo, vale tomar solo un ejemplo: uno de los polic\u00edas manifest\u00f3 haber visto a Torresi a las 7 de la ma\u00f1ana del 25 de diciembre, lo cual nunca su pudo demostrar, ya que a esa hora la v\u00edctima estaba muerta. De ese hilo partieron una serie de hip\u00f3tesis falsas y siempre se investig\u00f3 a personas que nunca tuvieron que ver con la causa. Incluso directamente hubo faltante de materiales probatorios de la Unidad Regional X que terminaron beneficiando al imputado.<br \/>\nY para la querella ya hay una apariencia importante de responsabilidad de parte del imputado. No se trata de un hecho aislado sino de varios concatenados que hacen presuponer que materialmente puede ser el autor del hecho. Para la querella, m\u00e1s all\u00e1 de esta pericia psicol\u00f3gica, hay inconsistencias en las declaraciones del imputado y no poder explicar algunas cuestiones irregulares: por ejemplo haber violado la clausura del galp\u00f3n y haber ingresado al mismo cambiando la cerradura y la clave de la alarma; haber intimidado a los vecinos a los fines de que los mismos le brinden informaci\u00f3n acerca de si sab\u00edan algo de lo que hab\u00eda pasado esa noche; haber manifestado que intent\u00f3 comunicarse con Torresi en el curso de la tarde pero esta cuesti\u00f3n nunca pudo ser acreditada; haber simulado recibir llamados telef\u00f3nicos en la ma\u00f1ana del 25 de diciembre y no haber relatado el recorrido completo que hizo una vez que encontr\u00f3 el cuerpo, entre otras. \u201cTodas estas inconsistencias lo terminaron en su momento imputando y ahora la pericia psicol\u00f3gica confirma que tiene el perfil de persona que pudo cometer el hecho\u201d dijo el abogado querellante Dr. Fabio Ferreyra.<br \/>\nEl inmenso expediente judicial consta ya de m\u00e1s de diez cuerpos. Vale recordar que la causa por el crimen de Gerardo Torresi estuvo a punto de prescribir pero antes de que se cumplieran doce a\u00f1os del homicidio, el juez Rizzardi resolvi\u00f3 imputar a esta persona. Sin embargo, luego le dict\u00f3 la falta de m\u00e9rito. Gerardo Torresi ten\u00eda 39 a\u00f1os, era soltero y trabajaba en esa contratista rural. En diciembre de este a\u00f1o se cumplen catorce a\u00f1os del aberrante suceso que por el momento sigue impune.<\/p>\n","protected":false},"excerpt":{"rendered":"<p>As\u00ed lo solicit\u00f3 la Fiscal Gabriela Lescano en base a la pericia psicol\u00f3gica realizada al acusado. Tambi\u00e9n dictaminar\u00e1 sobre polic\u00edas por haber desviado la investigaci\u00f3n, entre otros delitos. Ahora todo debe ser resuelto por el juez Rizzardi. FUENTE: PERIODICO EL INFORME DE LA CIUDAD (CA\u00d1ADA DE GOMEZ) La investigaci\u00f3n por el homicidio de Gerardo Torresi <a href=\"https:\/\/armstrongyregion.com.ar\/diario\/asesinato-de-gerardo-torresi-fiscalia-pidio-procesamiento-y-detencion-del-imputado\/\" title=\"Read more\" >&#8230;<\/a><\/p>\n","protected":false},"author":1,"featured_media":11090,"comment_status":"open","ping_status":"open","sticky":false,"template":"","format":"standard","meta":{"_jetpack_memberships_contains_paid_content":false,"footnotes":"","jetpack_publicize_message":"","jetpack_publicize_feature_enabled":true,"jetpack_social_post_already_shared":false,"jetpack_social_options":{"image_generator_settings":{"template":"highway","default_image_id":0,"enabled":false},"version":2}},"categories":[1,2,2852,3],"tags":[4812],"class_list":["post-11089","post","type-post","status-publish","format-standard","has-post-thumbnail","hentry","category-diario-armstrong","category-locales","category-policiales","category-region","tag-asesinato-de-gerardo-torresi-fiscalia-pidio-procesamiento-y-detencion-del-imputado"],"jetpack_publicize_connections":[],"jetpack_featured_media_url":"https:\/\/armstrongyregion.com.ar\/diario\/wp-content\/uploads\/2016\/12\/Gerardo-Torresi.jpg","jetpack_shortlink":"https:\/\/wp.me\/p62QDO-2SR","jetpack_sharing_enabled":true,"amp_enabled":true,"_links":{"self":[{"href":"https:\/\/armstrongyregion.com.ar\/diario\/wp-json\/wp\/v2\/posts\/11089","targetHints":{"allow":["GET"]}}],"collection":[{"href":"https:\/\/armstrongyregion.com.ar\/diario\/wp-json\/wp\/v2\/posts"}],"about":[{"href":"https:\/\/armstrongyregion.com.ar\/diario\/wp-json\/wp\/v2\/types\/post"}],"author":[{"embeddable":true,"href":"https:\/\/armstrongyregion.com.ar\/diario\/wp-json\/wp\/v2\/users\/1"}],"replies":[{"embeddable":true,"href":"https:\/\/armstrongyregion.com.ar\/diario\/wp-json\/wp\/v2\/comments?post=11089"}],"version-history":[{"count":0,"href":"https:\/\/armstrongyregion.com.ar\/diario\/wp-json\/wp\/v2\/posts\/11089\/revisions"}],"wp:featuredmedia":[{"embeddable":true,"href":"https:\/\/armstrongyregion.com.ar\/diario\/wp-json\/wp\/v2\/media\/11090"}],"wp:attachment":[{"href":"https:\/\/armstrongyregion.com.ar\/diario\/wp-json\/wp\/v2\/media?parent=11089"}],"wp:term":[{"taxonomy":"category","embeddable":true,"href":"https:\/\/armstrongyregion.com.ar\/diario\/wp-json\/wp\/v2\/categories?post=11089"},{"taxonomy":"post_tag","embeddable":true,"href":"https:\/\/armstrongyregion.com.ar\/diario\/wp-json\/wp\/v2\/tags?post=11089"}],"curies":[{"name":"wp","href":"https:\/\/api.w.org\/{rel}","templated":true}]}}