{"id":11040,"date":"2016-12-18T23:42:42","date_gmt":"2016-12-18T23:42:42","guid":{"rendered":"https:\/\/armstrongyregion.com.ar\/diario\/?p=11040"},"modified":"2016-12-18T23:42:42","modified_gmt":"2016-12-18T23:42:42","slug":"este-ano-la-provincia-de-santa-fe-anduvo-mucho-mejor-que-la-nacion","status":"publish","type":"post","link":"https:\/\/armstrongyregion.com.ar\/diario\/este-ano-la-provincia-de-santa-fe-anduvo-mucho-mejor-que-la-nacion\/","title":{"rendered":"\u00abEste a\u00f1o, la provincia de Santa Fe anduvo mucho mejor que la Naci\u00f3n\u00bb."},"content":{"rendered":"<p><a href=\"http:\/\/armstrongyregion.com.ar\/diario\/wp-content\/uploads\/2016\/12\/Lifschitz-elegante-.jpeg\"><img loading=\"lazy\" decoding=\"async\" src=\"http:\/\/armstrongyregion.com.ar\/diario\/wp-content\/uploads\/2016\/12\/Lifschitz-elegante--300x205.jpeg\" alt=\"lifschitz-elegante\" width=\"300\" height=\"205\" class=\"alignnone size-medium wp-image-11041\" srcset=\"https:\/\/armstrongyregion.com.ar\/diario\/wp-content\/uploads\/2016\/12\/Lifschitz-elegante--300x205.jpeg 300w, https:\/\/armstrongyregion.com.ar\/diario\/wp-content\/uploads\/2016\/12\/Lifschitz-elegante-.jpeg 768w\" sizes=\"auto, (max-width: 300px) 100vw, 300px\" \/><\/a>El gobernador reivindica su gesti\u00f3n al frente de la Casa Gris. Apuesta al plan de obra p\u00fablica y admite que mejor\u00f3 su relaci\u00f3n con Macri. Deja entrever que decidir\u00e1 elecciones unificadas.<br \/>\nLe voy a dar un t\u00edtulo de entrada: Santa Fe, en realidad, no es una provincia, es un pa\u00eds. Reci\u00e9n le explicaba a una periodista francesa que Santa Fe tiene de todo. Somos parecidos a C\u00f3rdoba, pero Santa Fe tiene puertos y los cordobeses no\u00bb. Diciendo estas cosas aparece Miguel Lifschitz en el despacho de la Gobernaci\u00f3n, dispuesto a hablar de todo y de todos, tras una conversaci\u00f3n con una periodista francesa que quer\u00eda saber qu\u00e9 era la provincia, alguna vez llamada La Invencible.<\/p>\n<p>El titulo que sugiere el gobernador para la entrevista no es demasiado seductor pero, a los pocos minutos, s\u00ed lanzar\u00e1 una sentencia potente: \u00abSanta Fe anduvo mucho mejor que la Naci\u00f3n\u00bb.<br \/>\nEs que, la provincia, termina el 2016 con un crecimiento de la econom\u00eda del 1.8 por ciento. Es la \u00fanica que culmina el ejercicio con un porcentaje positivo, adem\u00e1s de C\u00f3rdoba, aunque \u00e9sta con un margen m\u00e1s chico. Curiosamente, frente a un arco de cr\u00edticas socialistas recurrentes por la marcha del pa\u00eds, Lifschitz asegura que en Santa Fe no cay\u00f3 el empleo.<\/p>\n<p>Pese a un optimismo marcado, el titular de la Casa Gris admite que en materia de seguridad hay mucho por hacer, reivindica la buena relaci\u00f3n actual con el presidente de la Naci\u00f3n, Mauricio Macri, y no pierde la esperanza en poder ser el gobernador que lleve adelante la reforma constitucional. Esta vez, muestra un tigre de papel que antes no ten\u00eda: la limitaci\u00f3n de los mandatos legislativos.<\/p>\n<p>Lifschitz, quien anunciar\u00e1 en la semana entrante la unificaci\u00f3n de las fechas electorales descree de una ruptura con el radicalismo.<\/p>\n<p>\u2014\u00bfY c\u00f3mo anduvo Santa Fe hasta ahora, gobernada por usted, en este 2016 que se termina?<\/p>\n<p>\u2014Anduvo distinto que el pa\u00eds, Santa Fe anduvo mucho mejor que la Naci\u00f3n, que el pa\u00eds. El pa\u00eds va a cerrar con 2.7 de ca\u00edda del PBI, con recesi\u00f3n, y solamente dos provincias se escaparon de esa realidad: C\u00f3rdoba, apenas, y Santa Fe, con un crecimiento mucho m\u00e1s claro. Terminamos con 1.8 de crecimiento. En el pa\u00eds cay\u00f3 el empleo registrado y en Santa Fe no. Hubo descenso en algunas zonas como Rosario, pero crecimiento en Santa Fe. En el promedio no cay\u00f3 el empleo. En casi todas las provincias cay\u00f3 la obra p\u00fablica de manera dr\u00e1stica y en la provincia no cay\u00f3 la actividad privada de la construcci\u00f3n y creci\u00f3 la obra p\u00fablica. Nos tendr\u00eda que ir mucho mejor, pero en el contexto nacional nosotros tuvimos indicadores muy positivos.<\/p>\n<p>\u2014Entonces, acuerda con el presidente, quien dijo que en Santa Fe \u00abexplotan los brotes verdes\u00bb.<\/p>\n<p>\u2014No, tanto como eso no. Me parece una visi\u00f3n desproporcionada, no es as\u00ed. Tambi\u00e9n tenemos la econom\u00eda con dificultades, algunos sectores de la industria m\u00e1s complicados. Pero hay buenos indicios en Santa Fe, que no se pueden generalizar a otras provincias. Por eso remarcaba lo de provincia-naci\u00f3n: somos un Estado muy especial que tiene una econom\u00eda muy competitiva, diversificada e integrada, con mejores chances que la mayor\u00eda de las otras provincias.<\/p>\n<p>\u2014Est\u00e1 desafiando al gobierno nacional cuando dice que a la provincia le fue mejor.<\/p>\n<p>\u2014No, yo no quiero esa comparaci\u00f3n. A la provincia de Santa Fe le fue mejor que al pa\u00eds. En alg\u00fan punto tiene que ver con el gobierno, pero en gran parte con la realidad de Santa Fe.<\/p>\n<p>\u2014En el primer tramo de su gobierno tuvo la pol\u00e9mica por los pr\u00f3fugos, las inundaciones, la pelea con el presidente, las marchas por la inseguridad. Arranc\u00f3 todo mal, salvo la resoluci\u00f3n de la Corte por los fondos coparticipables. \u00bfVir\u00f3 en el segundo semestre?<\/p>\n<p>\u2014Hay cosas que mejoraron en el segundo semestre, pero la impronta de mi gobierno la pusimos en el primer semestre. Las discusiones con el gobierno nos posicionaron como una provincia aut\u00f3noma, que tiene sus propios criterios y puede discutirlos mano a mano con el presidente. No somos del grupo de provincias Cambiemos ni tenemos una estrategia de obsecuencia con el gobierno nacional. Eso deriv\u00f3 en una relaci\u00f3n madura.<\/p>\n<p>\u2014\u00bfY qu\u00e9 pasa en el terreno de la seguridad?<\/p>\n<p>\u2014Muchas de las cosas que pusimos en marcha en primer semestre comenzaron a dar resultados m\u00e1s tangibles en el segundo. Y nos permiti\u00f3 lograr un acuerdo muy positivo con el gobierno nacional, algo que siempre es mejor a la hora de encarar los temas.<\/p>\n<p>\u2014Usted habla con Macri mucho m\u00e1s que lo que trasciende en la prensa.<\/p>\n<p>\u2014No, en general siempre trasciende cuando hablo.<\/p>\n<p>\u2014La sensaci\u00f3n es que logr\u00f3 conseguir un v\u00ednculo m\u00e1s personal.<\/p>\n<p>\u2014S\u00ed, eso es tal cual. Hasta la primera reuni\u00f3n que tuvimos en la Casa Rosada, en el mes de agosto pasado, nunca hab\u00eda estado a solas con Macri, ni antes de ser presidente ni cuando fue jefe de Gobierno de la ciudad de Buenos Aires. A partir del encuentro que tuvimos a solas, la relaci\u00f3n personal mejor\u00f3 y eso es muy importante para poder construir. Tambi\u00e9n pudimos coincidir en algunos temas en materia de seguridad y de enfoque de trabajos conjuntos. Hablamos mucho de un proyecto que, para m\u00ed, es muy importante para la ciudad de Rosario: la transformaci\u00f3n de la zona de La Siberia. Se interes\u00f3 mucho por eso. Al igual que el tema narcotr\u00e1fico y log\u00edstica en los puertos.<\/p>\n<p>\u2014\u00bbCon Lifschitz ahora tenemos un \u00fanico discurso\u00bb, dijo el presidente. \u00bfEso a usted le trajo m\u00e1s problemas que beneficios?<\/p>\n<p>\u2014(Se r\u00ede). No s\u00e9 exactamente qu\u00e9 quiso significar el presidente con esa frase, pero siempre en la pol\u00edtica hay diferencias y discursos que no necesariamente son coincidentes en un cien por ciento. Me parece que lo que quiso transmitir en esa afirmaci\u00f3n es que hemos logrado coincidir en temas comunes, y eso s\u00ed que es verdad, debo admitirlo. Coincidimos, entre otros temas, en la necesidad de trabajar articuladamente el tema de seguridad, no solamente con los patrullajes sino con la inteligencia criminal.<\/p>\n<p>\u2014La coincidencia que viene es la unificaci\u00f3n de las fechas electorales.<\/p>\n<p>\u2014No lo habl\u00e9 con \u00e9l presidente de la Naci\u00f3n personalmente, pero admito que lo convers\u00e9 con Rogelio Frigerio, el ministro del Interior. Ah\u00ed \u00e9l me dijo que el presidente pensaba lo mismo que yo en el sentido de buscar soluciones pr\u00e1cticas en los procesos electorales. No se debe ocupar la totalidad del a\u00f1o con procesos electorales en 2017.<\/p>\n<p>\u2014El presidente de la UCR santafesina, Juli\u00e1n Galdeano, asegura que si se unifican las elecciones se rompe el Frente Progresista.<\/p>\n<p>\u2014De ninguna manera es un condicionante, es subestimar al votante pensar que del resultado de las elecciones depende eso. La gente vota con inteligencia, siempre lo ha demostrado. Sabe distinguir entre diputados nacionales y concejales. No creo que la unificaci\u00f3n sea una dificultad para que el Frente Progresista pueda mantener su vigencia en las elecciones locales. Y aspiro a tener una lista de diputados nacionales del Frente Progresista.<\/p>\n<p>\u2014\u00bfLe gustar\u00eda que Bonfatti sea el candidato?<\/p>\n<p>\u2014Es una decisi\u00f3n del Frente Progresista y personal del ex gobernador. Bonfatti es un buen candidato para encabezar la lista a diputado.<\/p>\n<p>\u2014\u00bfA su gobierno y al Frente Progresista no le falta ampliar su base de sustentaci\u00f3n a partir del nuevo escenario que se observa en la provincia?<\/p>\n<p>\u2014En mi gabinete hay socialistas, radicales e independientes. Por ejemplo, Ricardo Silberstein es un hombre sin trayectoria pol\u00edtica y es ministro de Justicia. Hay algunos otros funcionarios que no provienen de la pol\u00edtica, aunque es verdad que se identifican con nosotros. Incluso, entre las segundas l\u00edneas, est\u00e1 Juan Venesia (peronista) integrando el equipo de gobierno. Soy una persona abierta y convoco a los valiosos.<\/p>\n<p>\u2014\u00bfY habr\u00e1 cambios de gabinete en las pr\u00f3ximas semanas o mantendr\u00e1 todo tal cual est\u00e1?<\/p>\n<p>\u2014En las segundas l\u00edneas, pero no habr\u00e1 grandes modificaciones, al menos en el corto plazo.<\/p>\n<p>\u2014Macri le puso un 8 a su gesti\u00f3n de gobierno en el primer a\u00f1o. An\u00edmese a calificarse usted.<\/p>\n<p>\u2014No me gusta ponerme notas. Adem\u00e1s, subi\u00f3 la vara Macri, no me puedo poner ni m\u00e1s ni menos que \u00e9l.<\/p>\n<p>\u2014\u00bfY a Macri le pone un 8?<\/p>\n<p>\u2014Es como ponerle una nota a un equipo de f\u00fatbol a los 30 minutos del primer tiempo, sin el partido definido. Ser\u00eda injusto. O como ponerle nota a un estudiante cuando todav\u00eda no termin\u00f3 de dar el examen. Los gobernantes debemos ser juzgados al final de nuestros mandatos. A veces uno empieza tambaleando y termina con un sobresaliente. Otras veces puede que empiece en buena forma y termine mal. Hay que ser cautelosos en este aspecto.<\/p>\n<p>\u2014\u00bfEst\u00e1 de acuerdo en que el suyo es un gobierno en construcci\u00f3n?<\/p>\n<p>\u2014S\u00ed, y el de Macri tambi\u00e9n. Unos van m\u00e1s r\u00e1pido que otros, pero s\u00ed. En construcci\u00f3n.<\/p>\n<p>\u2014\u00bfEst\u00e1 conforme con su gabinete?<\/p>\n<p>\u2014Yo nunca estoy conforme del todo, pero es un problema m\u00edo. Pero s\u00ed, estoy satisfecho. Encaramos todo lo que hab\u00edamos pensado y algunas cosas m\u00e1s. Globalmente, estoy muy conforme con la tarea realizada y aspiro a que el 2017 sea mejor.<\/p>\n<p>\u2014Al socialismo le fue muy mal en las elecciones nacionales de 2015, cuando fue con boleta corta. \u00bfHay que cambiar de estrategia?<\/p>\n<p>\u2014Estamos en otro momento. El escenario cambi\u00f3. La irrupci\u00f3n de Cambiemos como opci\u00f3n mayoritaria obliga tambi\u00e9n al peronismo a reestructurarse, con un final abierto. Cambiemos se est\u00e1 redefiniendo. Y el espacio progresista tambi\u00e9n se est\u00e1 reconfigurando.<\/p>\n<p>\u2014\u00bfLa reforma constitucional sigue siendo su objetivo?<\/p>\n<p>\u2014S\u00ed, absolutamente. Hicimos un par\u00e9ntesis por los temas de seguridad que ocuparon el espacio de medi\u00e1tico y nos ocuparon a nosotros. Aspiro a que el a\u00f1o que viene sea muy intenso para el debate de la reforma. Vamos a trabajar los temas de la reforma en clave de campa\u00f1a.<\/p>\n<p>\u2014Su propuesta de limitar mandatos es un tigre de papel que antes no hab\u00eda. No interesaba el temario.<\/p>\n<p>\u2014Es uno de los temas que genera m\u00e1s inter\u00e9s, sin duda. Ya hay muchos antecedentes de limitaci\u00f3n de mandatos, es muy interesante. Y en otro caso la prolongaci\u00f3n de los mandatos, por ejemplo de presidentes de comuna.<\/p>\n<p>\u2014\u00bfSi tuviese que destacar una acci\u00f3n suya en 2016, algo de lo cual se enorgullezca, cu\u00e1l ser\u00eda?<\/p>\n<p>\u2014El plan de inversi\u00f3n en obra p\u00fablica. No tiene antecedentes en las \u00faltimas d\u00e9cadas en la provincia de Santa Fe. El plan 2016-17 planea invertir m\u00e1s de 20 mil millones de pesos en obra p\u00fablica, de los cuales 7.700 millones ya lo hemos licitado este a\u00f1o. Esto est\u00e1 a la vista, se observa en la recorrida a cualquier pueblo o ciudad, en un a\u00f1o en que la Naci\u00f3n paraliz\u00f3 las obras en el primer semestre y las empez\u00f3 a recuperar en el segundo semestre. Y el resto de las provincias no puso un peso en obra p\u00fablica. Para m\u00ed, es la imagen m\u00e1s fuerte. Otra acci\u00f3n es el Plan Abre Familia, que llega a los sectores m\u00e1s vulnerables.<\/p>\n<p>\u2014El gran d\u00e9ficit, lo que falta, es el tema seguridad.<\/p>\n<p>\u2014Es el tema m\u00e1s dif\u00edcil. En este a\u00f1o siento que nos subimos arriba del caballo de la inseguridad y hemos agarrado las riendas. Pero todav\u00eda vamos a tener muchos sobresaltos. Siento que estamos arriba del tema, que dimos pasos importantes para mejorar los resultados de la Justicia Penal y Federal. Y espero que esto se complete con la aprobaci\u00f3n a las reformas del C\u00f3digo Procesal Penal. Y estamos concursando fiscales, como para tener m\u00e1s eficacia y profundidad en la investigaci\u00f3n. Tambi\u00e9n en el trabajo que hacemos con la polic\u00eda y con Naci\u00f3n. Esas son las tres patas a mejorar para el a\u00f1o pr\u00f3ximo.<\/p>\n<p>\u2014\u00bfY por qu\u00e9 ya no reclama ante la Naci\u00f3n por m\u00e1s presencia de gendarmes en Rosario? No se ven, no est\u00e1n los agentes federales.<\/p>\n<p>\u2014Hay muchos gendarmes, prefectos y polic\u00edas federales en Santa Fe, no s\u00e9 exactamente cu\u00e1ntos son. A veces hay m\u00e1s, a veces menos. Podr\u00eda haber m\u00e1s.<br \/>\nLa Capital.Com<\/p>\n<p>por Mauricio Maronna<\/p>\n","protected":false},"excerpt":{"rendered":"<p>El gobernador reivindica su gesti\u00f3n al frente de la Casa Gris. Apuesta al plan de obra p\u00fablica y admite que mejor\u00f3 su relaci\u00f3n con Macri. Deja entrever que decidir\u00e1 elecciones unificadas. Le voy a dar un t\u00edtulo de entrada: Santa Fe, en realidad, no es una provincia, es un pa\u00eds. Reci\u00e9n le explicaba a una <a href=\"https:\/\/armstrongyregion.com.ar\/diario\/este-ano-la-provincia-de-santa-fe-anduvo-mucho-mejor-que-la-nacion\/\" title=\"Read more\" >&#8230;<\/a><\/p>\n","protected":false},"author":1,"featured_media":11041,"comment_status":"open","ping_status":"open","sticky":false,"template":"","format":"standard","meta":{"_jetpack_memberships_contains_paid_content":false,"footnotes":"","jetpack_publicize_message":"","jetpack_publicize_feature_enabled":true,"jetpack_social_post_already_shared":false,"jetpack_social_options":{"image_generator_settings":{"template":"highway","default_image_id":0,"enabled":false},"version":2}},"categories":[1,2,7,3],"tags":[4799,4800],"class_list":["post-11040","post","type-post","status-publish","format-standard","has-post-thumbnail","hentry","category-diario-armstrong","category-locales","category-politica","category-region","tag-este-ano","tag-la-provincia-de-santa-fe-anduvo-mucho-mejor-que-la-nacion"],"jetpack_publicize_connections":[],"jetpack_featured_media_url":"https:\/\/armstrongyregion.com.ar\/diario\/wp-content\/uploads\/2016\/12\/Lifschitz-elegante-.jpeg","jetpack_shortlink":"https:\/\/wp.me\/p62QDO-2S4","jetpack_sharing_enabled":true,"amp_enabled":true,"_links":{"self":[{"href":"https:\/\/armstrongyregion.com.ar\/diario\/wp-json\/wp\/v2\/posts\/11040","targetHints":{"allow":["GET"]}}],"collection":[{"href":"https:\/\/armstrongyregion.com.ar\/diario\/wp-json\/wp\/v2\/posts"}],"about":[{"href":"https:\/\/armstrongyregion.com.ar\/diario\/wp-json\/wp\/v2\/types\/post"}],"author":[{"embeddable":true,"href":"https:\/\/armstrongyregion.com.ar\/diario\/wp-json\/wp\/v2\/users\/1"}],"replies":[{"embeddable":true,"href":"https:\/\/armstrongyregion.com.ar\/diario\/wp-json\/wp\/v2\/comments?post=11040"}],"version-history":[{"count":0,"href":"https:\/\/armstrongyregion.com.ar\/diario\/wp-json\/wp\/v2\/posts\/11040\/revisions"}],"wp:featuredmedia":[{"embeddable":true,"href":"https:\/\/armstrongyregion.com.ar\/diario\/wp-json\/wp\/v2\/media\/11041"}],"wp:attachment":[{"href":"https:\/\/armstrongyregion.com.ar\/diario\/wp-json\/wp\/v2\/media?parent=11040"}],"wp:term":[{"taxonomy":"category","embeddable":true,"href":"https:\/\/armstrongyregion.com.ar\/diario\/wp-json\/wp\/v2\/categories?post=11040"},{"taxonomy":"post_tag","embeddable":true,"href":"https:\/\/armstrongyregion.com.ar\/diario\/wp-json\/wp\/v2\/tags?post=11040"}],"curies":[{"name":"wp","href":"https:\/\/api.w.org\/{rel}","templated":true}]}}