{"id":11024,"date":"2016-12-17T23:39:25","date_gmt":"2016-12-17T23:39:25","guid":{"rendered":"https:\/\/armstrongyregion.com.ar\/diario\/?p=11024"},"modified":"2016-12-17T23:39:25","modified_gmt":"2016-12-17T23:39:25","slug":"intendentes-y-presidentes-comunales-justicialistas-se-reunieron-en-perez","status":"publish","type":"post","link":"https:\/\/armstrongyregion.com.ar\/diario\/intendentes-y-presidentes-comunales-justicialistas-se-reunieron-en-perez\/","title":{"rendered":"Intendentes y presidentes comunales justicialistas se reunieron en P\u00e9rez."},"content":{"rendered":"<p><a href=\"http:\/\/armstrongyregion.com.ar\/diario\/wp-content\/uploads\/2016\/12\/foro-en-p\u00e9rez-a.jpg\"><img loading=\"lazy\" decoding=\"async\" src=\"http:\/\/armstrongyregion.com.ar\/diario\/wp-content\/uploads\/2016\/12\/foro-en-p\u00e9rez-a-300x200.jpg\" alt=\"foro-en-perez-a\" width=\"300\" height=\"200\" class=\"alignnone size-medium wp-image-11025\" srcset=\"https:\/\/armstrongyregion.com.ar\/diario\/wp-content\/uploads\/2016\/12\/foro-en-p\u00e9rez-a-300x200.jpg 300w, https:\/\/armstrongyregion.com.ar\/diario\/wp-content\/uploads\/2016\/12\/foro-en-p\u00e9rez-a.jpg 768w\" sizes=\"auto, (max-width: 300px) 100vw, 300px\" \/><\/a>\u201cAsumimos la responsabilidad de construir un proyecto pol\u00edtico provincial\u201d<\/p>\n<p>Intendentes y presidentes comunales justicialistas de todo el territorio provincial reafirmaron este s\u00e1bado en la ciudad de P\u00e9rez su compromiso de \u201cmejorar la  calidad de vida de cada santafesino y santafesina\u201d y de asumir \u201cla responsabilidad de construir un proyecto pol\u00edtico provincial, que nos encuentre con otros sectores de la vida social y pol\u00edtica en un espacio de debate de los grandes desaf\u00edos que tiene nuestra provincia, como los son entre otros, la seguridad p\u00fablica, la educaci\u00f3n p\u00fablica de calidad, la salud, la producci\u00f3n y el trabajo y desarrollar un Estado eficiente\u201d. As\u00ed lo expresaron los integrantes del Foro de Intendentes Justicialistas y el Foro de Presidentes Comunales Pueblos Libres a trav\u00e9s de un comunicado, difundido luego del almuerzo compartido hoy en la sede la Sociedad Italiana de P\u00e9rez.<br \/>\nAll\u00ed, fueron oradores el presidente comunal de Santa Rosa de Calchines, Carlos Kaufmann y el intendente de Puerto General San Mart\u00edn, Carlos De Grandis, que reafirmaron la vocaci\u00f3n de trabajo conjunto de quienes cotidianamente deben dar \u201crespuestas a las demandas\u201d de la poblaci\u00f3n, seg\u00fan se remarc\u00f3 en el comunicado, rubricado por 103 presidentes comunales, 21 intendentes y 6 intendentes con mandato cumplido del PJ santafesino.<br \/>\nLa bienvenida estuvo a cargo del intendente anfitri\u00f3n, Pablo Corsalini: \u201cEs un enorme orgullo que los compa\u00f1eros hayan elegido nuestra ciudad para un encuentro tan importante, con vocaci\u00f3n de compartir esfuerzos, capacidades y experiencias de gesti\u00f3n a favor de nuestros vecinos y vecinas en toda la provincia\u201d, dijo el titular del Ejecutivo municipal de P\u00e9rez.<br \/>\nTambi\u00e9n expres\u00f3 su \u201cprofundo agradecimiento a todos los participantes, que en muchos casos viajaron muchos kil\u00f3metros para sumarse\u201d a la reuni\u00f3n.<br \/>\n\u201cM\u00e1s all\u00e1 de matices y particularidades de cada regi\u00f3n o localidad, compartimos la preocupaci\u00f3n permanente por brindar mejores servicios, por garantizar derechos como el trabajo, la salud, la educaci\u00f3n, la seguridad\u201d, se\u00f1al\u00f3 Pablo Corsalini. \u201cEstamos en la primera l\u00ednea de gesti\u00f3n para mejorar la vida cotidiana de nuestra gente; y esto no siempre tiene el reconocimiento que merecemos ni de las autoridades oficiales ni de la dirigencia partidaria\u201d, subray\u00f3 el intendente de P\u00e9rez.<br \/>\n\u201cAcordamos seguir trabajando juntos para consolidar este espacio que nos brinda el Foro, para potenciar nuestras gestiones y proyectar la referencias que se van construyendo en toda la provincia\u201d, remarc\u00f3. \u201cCompartimos una doctrina basada en la justicia social, que se expresa todos los d\u00edas en el trabajo en la calle, en el territorio, en el contacto directo con los problemas, con las necesidades y tambi\u00e9n con la fuerza, el empuje y la capacidad de transformaci\u00f3n de nuestros vecinos en cada pueblo y ciudad santafesinos\u201d, resalt\u00f3 Pablo Corsalini luego del encuentro en P\u00e9rez, en el que intendentes y presidentes comunales acordaron volver a juntarse a principios del pr\u00f3ximo a\u00f1o en Santa Rosa de Calchines.<\/p>\n","protected":false},"excerpt":{"rendered":"<p>\u201cAsumimos la responsabilidad de construir un proyecto pol\u00edtico provincial\u201d Intendentes y presidentes comunales justicialistas de todo el territorio provincial reafirmaron este s\u00e1bado en la ciudad de P\u00e9rez su compromiso de \u201cmejorar la calidad de vida de cada santafesino y santafesina\u201d y de asumir \u201cla responsabilidad de construir un proyecto pol\u00edtico provincial, que nos encuentre con <a href=\"https:\/\/armstrongyregion.com.ar\/diario\/intendentes-y-presidentes-comunales-justicialistas-se-reunieron-en-perez\/\" title=\"Read more\" >&#8230;<\/a><\/p>\n","protected":false},"author":1,"featured_media":11025,"comment_status":"open","ping_status":"open","sticky":false,"template":"","format":"standard","meta":{"_jetpack_memberships_contains_paid_content":false,"footnotes":"","jetpack_publicize_message":"","jetpack_publicize_feature_enabled":true,"jetpack_social_post_already_shared":false,"jetpack_social_options":{"image_generator_settings":{"template":"highway","default_image_id":0,"enabled":false},"version":2}},"categories":[1,2,7,3],"tags":[4794],"class_list":["post-11024","post","type-post","status-publish","format-standard","has-post-thumbnail","hentry","category-diario-armstrong","category-locales","category-politica","category-region","tag-intendentes-y-presidentes-comunales-justicialistas-se-reunieron-en-perez"],"jetpack_publicize_connections":[],"jetpack_featured_media_url":"https:\/\/armstrongyregion.com.ar\/diario\/wp-content\/uploads\/2016\/12\/foro-en-p\u00e9rez-a.jpg","jetpack_shortlink":"https:\/\/wp.me\/p62QDO-2RO","jetpack_sharing_enabled":true,"amp_enabled":true,"_links":{"self":[{"href":"https:\/\/armstrongyregion.com.ar\/diario\/wp-json\/wp\/v2\/posts\/11024","targetHints":{"allow":["GET"]}}],"collection":[{"href":"https:\/\/armstrongyregion.com.ar\/diario\/wp-json\/wp\/v2\/posts"}],"about":[{"href":"https:\/\/armstrongyregion.com.ar\/diario\/wp-json\/wp\/v2\/types\/post"}],"author":[{"embeddable":true,"href":"https:\/\/armstrongyregion.com.ar\/diario\/wp-json\/wp\/v2\/users\/1"}],"replies":[{"embeddable":true,"href":"https:\/\/armstrongyregion.com.ar\/diario\/wp-json\/wp\/v2\/comments?post=11024"}],"version-history":[{"count":0,"href":"https:\/\/armstrongyregion.com.ar\/diario\/wp-json\/wp\/v2\/posts\/11024\/revisions"}],"wp:featuredmedia":[{"embeddable":true,"href":"https:\/\/armstrongyregion.com.ar\/diario\/wp-json\/wp\/v2\/media\/11025"}],"wp:attachment":[{"href":"https:\/\/armstrongyregion.com.ar\/diario\/wp-json\/wp\/v2\/media?parent=11024"}],"wp:term":[{"taxonomy":"category","embeddable":true,"href":"https:\/\/armstrongyregion.com.ar\/diario\/wp-json\/wp\/v2\/categories?post=11024"},{"taxonomy":"post_tag","embeddable":true,"href":"https:\/\/armstrongyregion.com.ar\/diario\/wp-json\/wp\/v2\/tags?post=11024"}],"curies":[{"name":"wp","href":"https:\/\/api.w.org\/{rel}","templated":true}]}}