{"id":11021,"date":"2016-12-16T14:10:43","date_gmt":"2016-12-16T14:10:43","guid":{"rendered":"https:\/\/armstrongyregion.com.ar\/diario\/?p=11021"},"modified":"2016-12-16T14:10:43","modified_gmt":"2016-12-16T14:10:43","slug":"no-estoy-de-acuerdo-con-que-las-provincias-sean-el-pato-de-la-boda-en-el-tema-de-ganancias","status":"publish","type":"post","link":"https:\/\/armstrongyregion.com.ar\/diario\/no-estoy-de-acuerdo-con-que-las-provincias-sean-el-pato-de-la-boda-en-el-tema-de-ganancias\/","title":{"rendered":"\u00abNo estoy de acuerdo con que las provincias sean el pato de la boda en el tema de Ganancias\u00bb"},"content":{"rendered":"<p><a href=\"http:\/\/armstrongyregion.com.ar\/diario\/wp-content\/uploads\/2016\/12\/Lifschitz-Ganancias-.jpg\"><img loading=\"lazy\" decoding=\"async\" src=\"http:\/\/armstrongyregion.com.ar\/diario\/wp-content\/uploads\/2016\/12\/Lifschitz-Ganancias--300x169.jpg\" alt=\"lifschitz-ganancias\" width=\"300\" height=\"169\" class=\"alignnone size-medium wp-image-11022\" srcset=\"https:\/\/armstrongyregion.com.ar\/diario\/wp-content\/uploads\/2016\/12\/Lifschitz-Ganancias--300x169.jpg 300w, https:\/\/armstrongyregion.com.ar\/diario\/wp-content\/uploads\/2016\/12\/Lifschitz-Ganancias-.jpg 768w\" sizes=\"auto, (max-width: 300px) 100vw, 300px\" \/><\/a>Miguel Lifschitz le pidi\u00f3 al gobierno nacional que \u00abacceda al reclamo de los trabajadores, pero que lo haga con otros recursos\u00bb.<br \/>\nYo estoy totalmente a favor con la reivindicaci\u00f3n de los trabajadores para que los sueldos no sean castigados con impuestos. Siempre dijimos que el salario no es ganancia y no puede ser disminuido en forma significativa como este impuesto. En lo que no estoy de acuerdo como gobernador de Santa Fe es que el pato de la boda sean las provincias y que terminemos haciendo un extraordinario aporte que ser\u00e1 una p\u00e9rdida enorme para las provincias. Santa Fe perder\u00eda 4.400 millones de pesos, que es una cifra inmanejable para nosotros\u00bb.<br \/>\nAs\u00ed opin\u00f3 hoy el gobernador Miguel Lifschitz sobre la discusi\u00f3n en torno el proyecto de reforma del impuesto a las Ganancias y su impacto en las arcas provinciales. En contacto con el programa \u00abEl primero de la ma\u00f1ana\u00bb de La Ocho, el mandatario realiz\u00f3 adem\u00e1s un balance del primer a\u00f1o de gesti\u00f3n al frente del Poder Ejecutivo provincial.<br \/>\nY el impuesto a las ganancias fue uno de los temas abordados. \u00abLe hemos planteado al gobierno nacional que resuelva el problema, que acceda al planteo que hacen los trabajadores, pero que lo haga con otros recursos. Que establezca otros criterios de distribuci\u00f3n impositiva que permita a las provincias no perder semejante cantidad de dinero\u00bb.<br \/>\nLa Capital.Com.<\/p>\n","protected":false},"excerpt":{"rendered":"<p>Miguel Lifschitz le pidi\u00f3 al gobierno nacional que \u00abacceda al reclamo de los trabajadores, pero que lo haga con otros recursos\u00bb. Yo estoy totalmente a favor con la reivindicaci\u00f3n de los trabajadores para que los sueldos no sean castigados con impuestos. Siempre dijimos que el salario no es ganancia y no puede ser disminuido en <a href=\"https:\/\/armstrongyregion.com.ar\/diario\/no-estoy-de-acuerdo-con-que-las-provincias-sean-el-pato-de-la-boda-en-el-tema-de-ganancias\/\" title=\"Read more\" >&#8230;<\/a><\/p>\n","protected":false},"author":1,"featured_media":11022,"comment_status":"open","ping_status":"open","sticky":false,"template":"","format":"standard","meta":{"_jetpack_memberships_contains_paid_content":false,"footnotes":"","jetpack_publicize_message":"","jetpack_publicize_feature_enabled":true,"jetpack_social_post_already_shared":false,"jetpack_social_options":{"image_generator_settings":{"template":"highway","default_image_id":0,"enabled":false},"version":2}},"categories":[1,2,7,3],"tags":[4793],"class_list":["post-11021","post","type-post","status-publish","format-standard","has-post-thumbnail","hentry","category-diario-armstrong","category-locales","category-politica","category-region","tag-no-estoy-de-acuerdo-con-que-las-provincias-sean-el-pato-de-la-boda-en-el-tema-de-ganancias"],"jetpack_publicize_connections":[],"jetpack_featured_media_url":"https:\/\/armstrongyregion.com.ar\/diario\/wp-content\/uploads\/2016\/12\/Lifschitz-Ganancias-.jpg","jetpack_shortlink":"https:\/\/wp.me\/p62QDO-2RL","jetpack_sharing_enabled":true,"amp_enabled":true,"_links":{"self":[{"href":"https:\/\/armstrongyregion.com.ar\/diario\/wp-json\/wp\/v2\/posts\/11021","targetHints":{"allow":["GET"]}}],"collection":[{"href":"https:\/\/armstrongyregion.com.ar\/diario\/wp-json\/wp\/v2\/posts"}],"about":[{"href":"https:\/\/armstrongyregion.com.ar\/diario\/wp-json\/wp\/v2\/types\/post"}],"author":[{"embeddable":true,"href":"https:\/\/armstrongyregion.com.ar\/diario\/wp-json\/wp\/v2\/users\/1"}],"replies":[{"embeddable":true,"href":"https:\/\/armstrongyregion.com.ar\/diario\/wp-json\/wp\/v2\/comments?post=11021"}],"version-history":[{"count":0,"href":"https:\/\/armstrongyregion.com.ar\/diario\/wp-json\/wp\/v2\/posts\/11021\/revisions"}],"wp:featuredmedia":[{"embeddable":true,"href":"https:\/\/armstrongyregion.com.ar\/diario\/wp-json\/wp\/v2\/media\/11022"}],"wp:attachment":[{"href":"https:\/\/armstrongyregion.com.ar\/diario\/wp-json\/wp\/v2\/media?parent=11021"}],"wp:term":[{"taxonomy":"category","embeddable":true,"href":"https:\/\/armstrongyregion.com.ar\/diario\/wp-json\/wp\/v2\/categories?post=11021"},{"taxonomy":"post_tag","embeddable":true,"href":"https:\/\/armstrongyregion.com.ar\/diario\/wp-json\/wp\/v2\/tags?post=11021"}],"curies":[{"name":"wp","href":"https:\/\/api.w.org\/{rel}","templated":true}]}}