{"id":11015,"date":"2016-12-15T23:17:15","date_gmt":"2016-12-15T23:17:15","guid":{"rendered":"https:\/\/armstrongyregion.com.ar\/diario\/?p=11015"},"modified":"2016-12-15T23:17:15","modified_gmt":"2016-12-15T23:17:15","slug":"armstrong-tierra-mia-programacion-completa-viernes-16-de-diciembre","status":"publish","type":"post","link":"https:\/\/armstrongyregion.com.ar\/diario\/armstrong-tierra-mia-programacion-completa-viernes-16-de-diciembre\/","title":{"rendered":"Armstrong Tierra M\u00eda. Programaci\u00f3n completa viernes 16 de diciembre."},"content":{"rendered":"<p><a href=\"http:\/\/armstrongyregion.com.ar\/diario\/wp-content\/uploads\/2016\/12\/Fiesta-Armstrong-.jpg\"><img loading=\"lazy\" decoding=\"async\" src=\"http:\/\/armstrongyregion.com.ar\/diario\/wp-content\/uploads\/2016\/12\/Fiesta-Armstrong--300x174.jpg\" alt=\"fiesta-armstrong\" width=\"300\" height=\"174\" class=\"alignnone size-medium wp-image-11016\" srcset=\"https:\/\/armstrongyregion.com.ar\/diario\/wp-content\/uploads\/2016\/12\/Fiesta-Armstrong--300x174.jpg 300w, https:\/\/armstrongyregion.com.ar\/diario\/wp-content\/uploads\/2016\/12\/Fiesta-Armstrong-.jpg 960w\" sizes=\"auto, (max-width: 300px) 100vw, 300px\" \/><\/a>La Municipalidad de Armstrong informa la programaci\u00f3n completa establecida para el d\u00eda viernes 16 de diciembre de 2016 en Plaza San Mart\u00edn, iniciando los festejos por el 134\u00b0 aniversario de nuestra ciudad:<br \/>\n&#8211;\tAlumnos de las diferentes c\u00e1tedras del Conservatorio Municipal de M\u00fasica \u201cEnzo Vacchino\u201d<br \/>\n&#8211;\tSinfon\u00eda por un Mundo Mejor\u201d<br \/>\n&#8211;\tRock Sinf\u00f3nico<br \/>\n&#8211;\tBanda de rock alternativo \u201cPuerQo Style\u201d (Rosario)<br \/>\n&#8211;\tBanda de rock \u201cTrif\u00e1sica\u201d(Ca\u00f1ada de G\u00f3mez)<br \/>\nEl inicio de este evento est\u00e1 previsto para las 20 hs. y durante el mismo, el buffet estar\u00e1 a cargo del Conservatorio municipal.<\/p>\n","protected":false},"excerpt":{"rendered":"<p>La Municipalidad de Armstrong informa la programaci\u00f3n completa establecida para el d\u00eda viernes 16 de diciembre de 2016 en Plaza San Mart\u00edn, iniciando los festejos por el 134\u00b0 aniversario de nuestra ciudad: &#8211; Alumnos de las diferentes c\u00e1tedras del Conservatorio Municipal de M\u00fasica \u201cEnzo Vacchino\u201d &#8211; Sinfon\u00eda por un Mundo Mejor\u201d &#8211; Rock Sinf\u00f3nico &#8211; <a href=\"https:\/\/armstrongyregion.com.ar\/diario\/armstrong-tierra-mia-programacion-completa-viernes-16-de-diciembre\/\" title=\"Read more\" >&#8230;<\/a><\/p>\n","protected":false},"author":1,"featured_media":11016,"comment_status":"open","ping_status":"open","sticky":false,"template":"","format":"standard","meta":{"_jetpack_memberships_contains_paid_content":false,"footnotes":"","jetpack_publicize_message":"","jetpack_publicize_feature_enabled":true,"jetpack_social_post_already_shared":false,"jetpack_social_options":{"image_generator_settings":{"template":"highway","default_image_id":0,"enabled":false},"version":2}},"categories":[1,2],"tags":[],"class_list":["post-11015","post","type-post","status-publish","format-standard","has-post-thumbnail","hentry","category-diario-armstrong","category-locales"],"jetpack_publicize_connections":[],"jetpack_featured_media_url":"https:\/\/armstrongyregion.com.ar\/diario\/wp-content\/uploads\/2016\/12\/Fiesta-Armstrong-.jpg","jetpack_shortlink":"https:\/\/wp.me\/p62QDO-2RF","jetpack_sharing_enabled":true,"amp_enabled":true,"_links":{"self":[{"href":"https:\/\/armstrongyregion.com.ar\/diario\/wp-json\/wp\/v2\/posts\/11015","targetHints":{"allow":["GET"]}}],"collection":[{"href":"https:\/\/armstrongyregion.com.ar\/diario\/wp-json\/wp\/v2\/posts"}],"about":[{"href":"https:\/\/armstrongyregion.com.ar\/diario\/wp-json\/wp\/v2\/types\/post"}],"author":[{"embeddable":true,"href":"https:\/\/armstrongyregion.com.ar\/diario\/wp-json\/wp\/v2\/users\/1"}],"replies":[{"embeddable":true,"href":"https:\/\/armstrongyregion.com.ar\/diario\/wp-json\/wp\/v2\/comments?post=11015"}],"version-history":[{"count":0,"href":"https:\/\/armstrongyregion.com.ar\/diario\/wp-json\/wp\/v2\/posts\/11015\/revisions"}],"wp:featuredmedia":[{"embeddable":true,"href":"https:\/\/armstrongyregion.com.ar\/diario\/wp-json\/wp\/v2\/media\/11016"}],"wp:attachment":[{"href":"https:\/\/armstrongyregion.com.ar\/diario\/wp-json\/wp\/v2\/media?parent=11015"}],"wp:term":[{"taxonomy":"category","embeddable":true,"href":"https:\/\/armstrongyregion.com.ar\/diario\/wp-json\/wp\/v2\/categories?post=11015"},{"taxonomy":"post_tag","embeddable":true,"href":"https:\/\/armstrongyregion.com.ar\/diario\/wp-json\/wp\/v2\/tags?post=11015"}],"curies":[{"name":"wp","href":"https:\/\/api.w.org\/{rel}","templated":true}]}}