{"id":10986,"date":"2016-12-13T03:18:08","date_gmt":"2016-12-13T03:18:08","guid":{"rendered":"https:\/\/armstrongyregion.com.ar\/diario\/?p=10986"},"modified":"2016-12-13T03:28:46","modified_gmt":"2016-12-13T03:28:46","slug":"este-martes-en-deliberando-concejal-con-aspiraciones-y-una-comuna-que-avanza","status":"publish","type":"post","link":"https:\/\/armstrongyregion.com.ar\/diario\/este-martes-en-deliberando-concejal-con-aspiraciones-y-una-comuna-que-avanza\/","title":{"rendered":"Este martes en DELIBERANDO, concejal con aspiraciones y una comuna que avanza."},"content":{"rendered":"<p><a href=\"http:\/\/armstrongyregion.com.ar\/diario\/wp-content\/uploads\/2016\/12\/DSC_0301.jpg\"><img loading=\"lazy\" decoding=\"async\" src=\"http:\/\/armstrongyregion.com.ar\/diario\/wp-content\/uploads\/2016\/12\/DSC_0301-300x200.jpg\" alt=\"Leo-Rostagno-\" width=\"300\" height=\"200\" class=\"alignnone size-medium wp-image-10987\" srcset=\"https:\/\/armstrongyregion.com.ar\/diario\/wp-content\/uploads\/2016\/12\/DSC_0301-300x200.jpg 300w, https:\/\/armstrongyregion.com.ar\/diario\/wp-content\/uploads\/2016\/12\/DSC_0301-1024x683.jpg 1024w\" sizes=\"auto, (max-width: 300px) 100vw, 300px\" \/><\/a>El concejal del bloque La Gran Argentina, liderado por  Leonardo Rostagno, repasa la actividad desarrollada en el cuerpo deliberativo de Armstrong, sus preocupaciones por los vecinos, deseos a futuro y si ser\u00e1 o no candidato a intendente en 2017.<br \/>\n<a href=\"http:\/\/armstrongyregion.com.ar\/diario\/wp-content\/uploads\/2016\/12\/DSC_0305.jpg\"><img loading=\"lazy\" decoding=\"async\" src=\"http:\/\/armstrongyregion.com.ar\/diario\/wp-content\/uploads\/2016\/12\/DSC_0305-300x200.jpg\" alt=\"Fabian-Cejas-\" width=\"300\" height=\"200\" class=\"alignnone size-medium wp-image-10989\" srcset=\"https:\/\/armstrongyregion.com.ar\/diario\/wp-content\/uploads\/2016\/12\/DSC_0305-300x200.jpg 300w, https:\/\/armstrongyregion.com.ar\/diario\/wp-content\/uploads\/2016\/12\/DSC_0305-1024x683.jpg 1024w\" sizes=\"auto, (max-width: 300px) 100vw, 300px\" \/><\/a>Correa es una poblaci\u00f3n del departamento San Lorenzo, que ha tenido con la administraci\u00f3n de Fabian Cejas un desarrollo importante y tenida en cuenta por la provincia para la aplicaci\u00f3n de algunos proyectos como el de la energ\u00eda sustentable para un grupo de viviendas de esa localidad.<br \/>\nTodo esto ser\u00e1 tratado este marte en DELIBERANDO, con la conducci\u00f3n de la licenciada Graciela de la Casa, Oscar Crispino y Ezequiel Piccoli.<br \/>\nMartes 21hs. CableImagenArmstrong-<br \/>\nJueves 22hs CableVision-<\/p>\n","protected":false},"excerpt":{"rendered":"<p>El concejal del bloque La Gran Argentina, liderado por Leonardo Rostagno, repasa la actividad desarrollada en el cuerpo deliberativo de Armstrong, sus preocupaciones por los vecinos, deseos a futuro y si ser\u00e1 o no candidato a intendente en 2017. Correa es una poblaci\u00f3n del departamento San Lorenzo, que ha tenido con la administraci\u00f3n de Fabian <a href=\"https:\/\/armstrongyregion.com.ar\/diario\/este-martes-en-deliberando-concejal-con-aspiraciones-y-una-comuna-que-avanza\/\" title=\"Read more\" >&#8230;<\/a><\/p>\n","protected":false},"author":1,"featured_media":10987,"comment_status":"open","ping_status":"open","sticky":false,"template":"","format":"standard","meta":{"_jetpack_memberships_contains_paid_content":false,"footnotes":"","jetpack_publicize_message":"","jetpack_publicize_feature_enabled":true,"jetpack_social_post_already_shared":false,"jetpack_social_options":{"image_generator_settings":{"template":"highway","default_image_id":0,"enabled":false},"version":2}},"categories":[8,1,2,7,3],"tags":[4783,1307],"class_list":["post-10986","post","type-post","status-publish","format-standard","has-post-thumbnail","hentry","category-deliberando","category-diario-armstrong","category-locales","category-politica","category-region","tag-concejal-con-aspiraciones-y-una-comuna-que-avanza","tag-este-martes-en-deliberando"],"jetpack_publicize_connections":[],"jetpack_featured_media_url":"https:\/\/armstrongyregion.com.ar\/diario\/wp-content\/uploads\/2016\/12\/DSC_0301.jpg","jetpack_shortlink":"https:\/\/wp.me\/p62QDO-2Rc","jetpack_sharing_enabled":true,"amp_enabled":true,"_links":{"self":[{"href":"https:\/\/armstrongyregion.com.ar\/diario\/wp-json\/wp\/v2\/posts\/10986","targetHints":{"allow":["GET"]}}],"collection":[{"href":"https:\/\/armstrongyregion.com.ar\/diario\/wp-json\/wp\/v2\/posts"}],"about":[{"href":"https:\/\/armstrongyregion.com.ar\/diario\/wp-json\/wp\/v2\/types\/post"}],"author":[{"embeddable":true,"href":"https:\/\/armstrongyregion.com.ar\/diario\/wp-json\/wp\/v2\/users\/1"}],"replies":[{"embeddable":true,"href":"https:\/\/armstrongyregion.com.ar\/diario\/wp-json\/wp\/v2\/comments?post=10986"}],"version-history":[{"count":0,"href":"https:\/\/armstrongyregion.com.ar\/diario\/wp-json\/wp\/v2\/posts\/10986\/revisions"}],"wp:featuredmedia":[{"embeddable":true,"href":"https:\/\/armstrongyregion.com.ar\/diario\/wp-json\/wp\/v2\/media\/10987"}],"wp:attachment":[{"href":"https:\/\/armstrongyregion.com.ar\/diario\/wp-json\/wp\/v2\/media?parent=10986"}],"wp:term":[{"taxonomy":"category","embeddable":true,"href":"https:\/\/armstrongyregion.com.ar\/diario\/wp-json\/wp\/v2\/categories?post=10986"},{"taxonomy":"post_tag","embeddable":true,"href":"https:\/\/armstrongyregion.com.ar\/diario\/wp-json\/wp\/v2\/tags?post=10986"}],"curies":[{"name":"wp","href":"https:\/\/api.w.org\/{rel}","templated":true}]}}