{"id":10938,"date":"2016-12-10T11:24:34","date_gmt":"2016-12-10T11:24:34","guid":{"rendered":"https:\/\/armstrongyregion.com.ar\/diario\/?p=10938"},"modified":"2016-12-10T11:24:34","modified_gmt":"2016-12-10T11:24:34","slug":"armstrong-contenedores-para-residuos-domiciliarios","status":"publish","type":"post","link":"https:\/\/armstrongyregion.com.ar\/diario\/armstrong-contenedores-para-residuos-domiciliarios\/","title":{"rendered":"Armstrong. Contenedores para residuos domiciliarios."},"content":{"rendered":"<p><a href=\"http:\/\/armstrongyregion.com.ar\/diario\/wp-content\/uploads\/2016\/12\/Contenedores-residuos-domiciliarios.jpg\"><img loading=\"lazy\" decoding=\"async\" src=\"http:\/\/armstrongyregion.com.ar\/diario\/wp-content\/uploads\/2016\/12\/Contenedores-residuos-domiciliarios-300x169.jpg\" alt=\"contenedores-residuos-domiciliarios\" width=\"300\" height=\"169\" class=\"alignnone size-medium wp-image-10939\" srcset=\"https:\/\/armstrongyregion.com.ar\/diario\/wp-content\/uploads\/2016\/12\/Contenedores-residuos-domiciliarios-300x169.jpg 300w, https:\/\/armstrongyregion.com.ar\/diario\/wp-content\/uploads\/2016\/12\/Contenedores-residuos-domiciliarios-1024x576.jpg 1024w, https:\/\/armstrongyregion.com.ar\/diario\/wp-content\/uploads\/2016\/12\/Contenedores-residuos-domiciliarios.jpg 1032w\" sizes=\"auto, (max-width: 300px) 100vw, 300px\" \/><\/a>El Intendente Municipal Dr. Pablo Verdecchia realiz\u00f3 la presentaci\u00f3n a la comunidad de contenedores para residuos domiciliarios. Se trata de la puesta en marcha y avance del proyecto referido al tratamiento de residuos en la ciudad.<\/p>\n<p>Desde hace varios a\u00f1os, en diversos puntos est\u00e1n distribuidos contenedores para residuos s\u00f3lidos como ramas, escombros, etc. y muchas veces los vecinos los utilizaban para depositar all\u00ed los residuos domiciliarios.<\/p>\n<p>A partir de ahora, se dispone de este tipo de contenedores para los residuos domiciliarios diarios. Los mismos fueron adquiridos a una empresa local y se ir\u00e1n emplazando por etapas hasta llegar a cubrir todo el ejido urbano.<br \/>\nSe solicita y agradece a los ciudadanos respetar las indicaciones, colocando en los contenedores correspondientes los residuos s\u00f3lidos secos y los residuos domiciliarios. La limpieza y orden de la ciudad depende de todos.   <\/p>\n","protected":false},"excerpt":{"rendered":"<p>El Intendente Municipal Dr. Pablo Verdecchia realiz\u00f3 la presentaci\u00f3n a la comunidad de contenedores para residuos domiciliarios. Se trata de la puesta en marcha y avance del proyecto referido al tratamiento de residuos en la ciudad. Desde hace varios a\u00f1os, en diversos puntos est\u00e1n distribuidos contenedores para residuos s\u00f3lidos como ramas, escombros, etc. y muchas <a href=\"https:\/\/armstrongyregion.com.ar\/diario\/armstrong-contenedores-para-residuos-domiciliarios\/\" title=\"Read more\" >&#8230;<\/a><\/p>\n","protected":false},"author":1,"featured_media":10939,"comment_status":"open","ping_status":"open","sticky":false,"template":"","format":"standard","meta":{"_jetpack_memberships_contains_paid_content":false,"footnotes":"","jetpack_publicize_message":"","jetpack_publicize_feature_enabled":true,"jetpack_social_post_already_shared":false,"jetpack_social_options":{"image_generator_settings":{"template":"highway","default_image_id":0,"enabled":false},"version":2}},"categories":[1,2],"tags":[20,4767],"class_list":["post-10938","post","type-post","status-publish","format-standard","has-post-thumbnail","hentry","category-diario-armstrong","category-locales","tag-armstrong","tag-contenedores-para-residuos-domiciliarios"],"jetpack_publicize_connections":[],"jetpack_featured_media_url":"https:\/\/armstrongyregion.com.ar\/diario\/wp-content\/uploads\/2016\/12\/Contenedores-residuos-domiciliarios.jpg","jetpack_shortlink":"https:\/\/wp.me\/p62QDO-2Qq","jetpack_sharing_enabled":true,"amp_enabled":true,"_links":{"self":[{"href":"https:\/\/armstrongyregion.com.ar\/diario\/wp-json\/wp\/v2\/posts\/10938","targetHints":{"allow":["GET"]}}],"collection":[{"href":"https:\/\/armstrongyregion.com.ar\/diario\/wp-json\/wp\/v2\/posts"}],"about":[{"href":"https:\/\/armstrongyregion.com.ar\/diario\/wp-json\/wp\/v2\/types\/post"}],"author":[{"embeddable":true,"href":"https:\/\/armstrongyregion.com.ar\/diario\/wp-json\/wp\/v2\/users\/1"}],"replies":[{"embeddable":true,"href":"https:\/\/armstrongyregion.com.ar\/diario\/wp-json\/wp\/v2\/comments?post=10938"}],"version-history":[{"count":0,"href":"https:\/\/armstrongyregion.com.ar\/diario\/wp-json\/wp\/v2\/posts\/10938\/revisions"}],"wp:featuredmedia":[{"embeddable":true,"href":"https:\/\/armstrongyregion.com.ar\/diario\/wp-json\/wp\/v2\/media\/10939"}],"wp:attachment":[{"href":"https:\/\/armstrongyregion.com.ar\/diario\/wp-json\/wp\/v2\/media?parent=10938"}],"wp:term":[{"taxonomy":"category","embeddable":true,"href":"https:\/\/armstrongyregion.com.ar\/diario\/wp-json\/wp\/v2\/categories?post=10938"},{"taxonomy":"post_tag","embeddable":true,"href":"https:\/\/armstrongyregion.com.ar\/diario\/wp-json\/wp\/v2\/tags?post=10938"}],"curies":[{"name":"wp","href":"https:\/\/api.w.org\/{rel}","templated":true}]}}