{"id":10930,"date":"2016-12-08T17:43:15","date_gmt":"2016-12-08T17:43:15","guid":{"rendered":"https:\/\/armstrongyregion.com.ar\/diario\/?p=10930"},"modified":"2016-12-08T17:43:15","modified_gmt":"2016-12-08T17:43:15","slug":"marozzi-volvi-a-ser-elegido-presidente-del-concejo-por-un-ano-mas","status":"publish","type":"post","link":"https:\/\/armstrongyregion.com.ar\/diario\/marozzi-volvi-a-ser-elegido-presidente-del-concejo-por-un-ano-mas\/","title":{"rendered":"Marozzi: \u201cVolv\u00ed  a ser elegido presidente del concejo por un a\u00f1o m\u00e1s\u201d."},"content":{"rendered":"<p><a href=\"http:\/\/armstrongyregion.com.ar\/diario\/wp-content\/uploads\/2016\/11\/DSC_0202.jpg\"><img loading=\"lazy\" decoding=\"async\" src=\"http:\/\/armstrongyregion.com.ar\/diario\/wp-content\/uploads\/2016\/11\/DSC_0202-300x200.jpg\" alt=\"Adrian-Marozzi-\" width=\"300\" height=\"200\" class=\"alignnone size-medium wp-image-10532\" srcset=\"https:\/\/armstrongyregion.com.ar\/diario\/wp-content\/uploads\/2016\/11\/DSC_0202-300x200.jpg 300w, https:\/\/armstrongyregion.com.ar\/diario\/wp-content\/uploads\/2016\/11\/DSC_0202-1024x683.jpg 1024w\" sizes=\"auto, (max-width: 300px) 100vw, 300px\" \/><\/a>En la reuni\u00f3n del martes 6 de diciembre, al t\u00e9rmino de la sesi\u00f3n ordinaria, se realiz\u00f3 una sesi\u00f3n extraordinaria para elegir autoridades en el legislativo. Una vez m\u00e1s y por cuarto a\u00f1o consecutivo Adrian Marozzi vuelve a ser electo presidente.<br \/>\nEn dialogo con nuestro medio, el edil expresaba su orgullo y tambi\u00e9n dijo sentir mucha responsabilidad ya que en 4 a\u00f1os de mandato fue y es elegido por el cuerpo legislativo presidente.<br \/>\nAgradeci\u00f3 a trav\u00e9s de esta nota a sus pares y tambi\u00e9n agreg\u00f3 que ha cumplido con su palabra dada antes de asumir.<br \/>\nEl flamante presidente enumer\u00f3: \u201cSe baj\u00f3 el gasto p\u00fablico del concejo. Se busc\u00f3 en todo momento consensos y acuerdos. Se escuch\u00f3 todos los reclamos de vecinos y se actu\u00f3 en consecuencia, llegando a casi todos de ellos a una soluci\u00f3n de sus problem\u00e1ticas. Se avanz\u00f3 firmemente en la b\u00fasqueda del terreno y edificio propio del concejo y que pronto ser\u00e1 una realidad que enaltezca institucionalmente a nuestra localidad. Se acompa\u00f1aron todas las ordenanzas para no frenar en nada al ejecutivo y por esto hoy contamos con varias obras ya realizadas y otras en ejecuci\u00f3n. Se acompa\u00f1\u00f3 todo tipo de loteo y se avanz\u00f3 con el plan urban\u00edstico de nuestra ciudad\u201d.<br \/>\nTambi\u00e9n  agreg\u00f3: \u201cEl a\u00f1o que viene nos encontraremos en un a\u00f1o electoral y todo lo que eso implica; deseo y procurare que la labor del legislativo no se vea empa\u00f1ado por viejas y malas pr\u00e1cticas\u201d. <\/p>\n","protected":false},"excerpt":{"rendered":"<p>En la reuni\u00f3n del martes 6 de diciembre, al t\u00e9rmino de la sesi\u00f3n ordinaria, se realiz\u00f3 una sesi\u00f3n extraordinaria para elegir autoridades en el legislativo. Una vez m\u00e1s y por cuarto a\u00f1o consecutivo Adrian Marozzi vuelve a ser electo presidente. En dialogo con nuestro medio, el edil expresaba su orgullo y tambi\u00e9n dijo sentir mucha <a href=\"https:\/\/armstrongyregion.com.ar\/diario\/marozzi-volvi-a-ser-elegido-presidente-del-concejo-por-un-ano-mas\/\" title=\"Read more\" >&#8230;<\/a><\/p>\n","protected":false},"author":1,"featured_media":10532,"comment_status":"open","ping_status":"open","sticky":false,"template":"","format":"standard","meta":{"_jetpack_memberships_contains_paid_content":false,"footnotes":"","jetpack_publicize_message":"","jetpack_publicize_feature_enabled":true,"jetpack_social_post_already_shared":false,"jetpack_social_options":{"image_generator_settings":{"template":"highway","default_image_id":0,"enabled":false},"version":2}},"categories":[8,1,2,7],"tags":[4764],"class_list":["post-10930","post","type-post","status-publish","format-standard","has-post-thumbnail","hentry","category-deliberando","category-diario-armstrong","category-locales","category-politica","tag-marozzi-volvi-a-ser-elegido-presidente-del-concejo-por-un-ano-mas"],"jetpack_publicize_connections":[],"jetpack_featured_media_url":"https:\/\/armstrongyregion.com.ar\/diario\/wp-content\/uploads\/2016\/11\/DSC_0202.jpg","jetpack_shortlink":"https:\/\/wp.me\/p62QDO-2Qi","jetpack_sharing_enabled":true,"amp_enabled":true,"_links":{"self":[{"href":"https:\/\/armstrongyregion.com.ar\/diario\/wp-json\/wp\/v2\/posts\/10930","targetHints":{"allow":["GET"]}}],"collection":[{"href":"https:\/\/armstrongyregion.com.ar\/diario\/wp-json\/wp\/v2\/posts"}],"about":[{"href":"https:\/\/armstrongyregion.com.ar\/diario\/wp-json\/wp\/v2\/types\/post"}],"author":[{"embeddable":true,"href":"https:\/\/armstrongyregion.com.ar\/diario\/wp-json\/wp\/v2\/users\/1"}],"replies":[{"embeddable":true,"href":"https:\/\/armstrongyregion.com.ar\/diario\/wp-json\/wp\/v2\/comments?post=10930"}],"version-history":[{"count":0,"href":"https:\/\/armstrongyregion.com.ar\/diario\/wp-json\/wp\/v2\/posts\/10930\/revisions"}],"wp:featuredmedia":[{"embeddable":true,"href":"https:\/\/armstrongyregion.com.ar\/diario\/wp-json\/wp\/v2\/media\/10532"}],"wp:attachment":[{"href":"https:\/\/armstrongyregion.com.ar\/diario\/wp-json\/wp\/v2\/media?parent=10930"}],"wp:term":[{"taxonomy":"category","embeddable":true,"href":"https:\/\/armstrongyregion.com.ar\/diario\/wp-json\/wp\/v2\/categories?post=10930"},{"taxonomy":"post_tag","embeddable":true,"href":"https:\/\/armstrongyregion.com.ar\/diario\/wp-json\/wp\/v2\/tags?post=10930"}],"curies":[{"name":"wp","href":"https:\/\/api.w.org\/{rel}","templated":true}]}}